{"id":97501,"date":"2019-05-31T11:49:46","date_gmt":"2019-05-31T14:49:46","guid":{"rendered":"http:\/\/www.caririemacao.com\/1\/?p=97501"},"modified":"2019-05-31T11:49:46","modified_gmt":"2019-05-31T14:49:46","slug":"delegado-confirma-coleta-de-esperma-nas-partes-intimas-de-bebe-de-nove-meses-que-faleceu-em-soledade","status":"publish","type":"post","link":"https:\/\/www.caririemacao.com\/1\/2019\/05\/31\/delegado-confirma-coleta-de-esperma-nas-partes-intimas-de-bebe-de-nove-meses-que-faleceu-em-soledade\/","title":{"rendered":"Delegado confirma coleta de esperma nas partes \u00edntimas de beb\u00ea de nove meses que faleceu em Soledade"},"content":{"rendered":"\n<p>O exame cadav\u00e9rico feito no corpo do beb\u00ea de nove meses que faleceu em Soledade nesta semana, apontou a exist\u00eancia de esperma em suas partes \u00edntimas. O delegado Durval Barros confirmou que o material gen\u00e9tico foi coletado e ser\u00e1 feito um exame de DNA para saber a quem pertence.<\/p>\n\n\n\n<p>O delegado Durval Barros confirmou em entrevista na manh\u00e3 desta sexta-feira (31) ao ClickPB que &#8220;houve a viol\u00eancia sexual e foi colhido material para exame de DNA&#8221;. Ele n\u00e3o precisou o prazo para o resultado do exame, j\u00e1 que devido \u00e0 gravidade da situa\u00e7\u00e3o, pode sair mais r\u00e1pido que o esperado.<\/p>\n\n\n\n<p>Antes de efetuar a pris\u00e3o dos suspeitos, o delegado colheu os seus depoimentos sobre o caso e ambos negaram qualquer viol\u00eancia contra a crian\u00e7a. No entanto, o delegado considerou que as evid\u00eancias coletadas e o comportamento dos pais era suficiente para fazer a sua autua\u00e7\u00e3o.<\/p>\n\n\n\n<p>&#8220;O que chamou aten\u00e7\u00e3o \u00e9 que ele [o pai] j\u00e1 tinha tentado estuprar a sogra&#8221;, ressaltou o delegado. O homem foi considerado de alta periculosidade pelo delegado, que ficou perplexo com a viol\u00eancia feita contra a crian\u00e7a de apenas nove meses de idade.<br>O pai da crian\u00e7a teria sido o \u00fanico que esteve na casa recentemente. &#8220;O pai foi o autor desse hediondo crime. Ele era separado da m\u00e3e. J\u00e1 tinha conviv\u00eancia com duas outras mulheres&#8221;, detalhou o delegado Durval Barros.<\/p>\n\n\n\n<figure class=\"wp-block-image\"><img decoding=\"async\" data-src=\"https:\/\/www.clickpb.com.br\/media\/filer_public\/3f\/c1\/3fc13a0f-3a59-430e-a9e2-75ec7abde723\/casal_preso_-_bebe_nove_meses.jpg\" alt=\"\" src=\"data:image\/svg+xml;base64,PHN2ZyB3aWR0aD0iMSIgaGVpZ2h0PSIxIiB4bWxucz0iaHR0cDovL3d3dy53My5vcmcvMjAwMC9zdmciPjwvc3ZnPg==\" class=\"lazyload\" \/><\/figure>\n\n\n\n<p>Em inqu\u00e9rito feito \u00e0 m\u00e3e do beb\u00ea, o delegado questionou quais eram &#8220;os cuidados que ela teria com a filha, de como fazer a higiene da crian\u00e7a, se usava fralda. E ela achando tudo normal, dizendo que n\u00e3o tinha visto nenhum sinal de viol\u00eancia. Eu apresentei as fotos contundentes da per\u00edcia no corpo da menina e ela mudou totalmente de figura. Quis chorar, mas n\u00e3o colocou uma l\u00e1grima&#8221;.<\/p>\n\n\n\n<p>O pai e a m\u00e3e da crian\u00e7a foram presos nesta quinta-feira (30) e conduzidos at\u00e9 a Delegacia de Soledade. &#8220;Apresentamos o casal na cadeia de Soledade. Mas a popula\u00e7\u00e3o de Soledade estava revoltada&#8221;, relatou o delegado. A popula\u00e7\u00e3o da cidade se reuniu em frente \u00e0 Cadeia de Soledade e a pol\u00edcia temia que fosse iniciado um linchamento dos suspeitos presos.<\/p>\n\n\n\n<p>Devido ao risco que o casal corria por conta da repercuss\u00e3o do caso e da como\u00e7\u00e3o popular, a ju\u00edza determinou a transfer\u00eancia dos dois para a Penitenci\u00e1ria de Seguran\u00e7a M\u00e1xima PB1, em Jo\u00e3o Pessoa. Oito viaturas policiais fizeram a escolta dos dois suspeitos at\u00e9 Jo\u00e3o Pessoa.<\/p>\n\n\n\n<figure><iframe width=\"560\" height=\"315\" data-src=\"https:\/\/www.youtube.com\/embed\/xZc789-MEiA\" allowfullscreen=\"\" src=\"data:image\/svg+xml;base64,PHN2ZyB3aWR0aD0iMSIgaGVpZ2h0PSIxIiB4bWxucz0iaHR0cDovL3d3dy53My5vcmcvMjAwMC9zdmciPjwvc3ZnPg==\" class=\"lazyload\" data-load-mode=\"1\"><\/iframe><\/figure>\n","protected":false},"excerpt":{"rendered":"<p>O exame cadav\u00e9rico feito no corpo do beb\u00ea de nove meses que faleceu em Soledade nesta semana, apontou a exist\u00eancia de esperma em suas partes&hellip; <\/p>\n","protected":false},"author":1,"featured_media":7886,"comment_status":"closed","ping_status":"closed","sticky":false,"template":"","format":"standard","meta":{"sfsi_plus_gutenberg_text_before_share":"","sfsi_plus_gutenberg_show_text_before_share":"","sfsi_plus_gutenberg_icon_type":"","sfsi_plus_gutenberg_icon_alignemt":"","sfsi_plus_gutenburg_max_per_row":"","footnotes":""},"categories":[12],"tags":[],"class_list":["post-97501","post","type-post","status-publish","format-standard","has-post-thumbnail","hentry","category-policia"],"_links":{"self":[{"href":"https:\/\/www.caririemacao.com\/1\/wp-json\/wp\/v2\/posts\/97501","targetHints":{"allow":["GET"]}}],"collection":[{"href":"https:\/\/www.caririemacao.com\/1\/wp-json\/wp\/v2\/posts"}],"about":[{"href":"https:\/\/www.caririemacao.com\/1\/wp-json\/wp\/v2\/types\/post"}],"author":[{"embeddable":true,"href":"https:\/\/www.caririemacao.com\/1\/wp-json\/wp\/v2\/users\/1"}],"replies":[{"embeddable":true,"href":"https:\/\/www.caririemacao.com\/1\/wp-json\/wp\/v2\/comments?post=97501"}],"version-history":[{"count":1,"href":"https:\/\/www.caririemacao.com\/1\/wp-json\/wp\/v2\/posts\/97501\/revisions"}],"predecessor-version":[{"id":97502,"href":"https:\/\/www.caririemacao.com\/1\/wp-json\/wp\/v2\/posts\/97501\/revisions\/97502"}],"wp:featuredmedia":[{"embeddable":true,"href":"https:\/\/www.caririemacao.com\/1\/wp-json\/wp\/v2\/media\/7886"}],"wp:attachment":[{"href":"https:\/\/www.caririemacao.com\/1\/wp-json\/wp\/v2\/media?parent=97501"}],"wp:term":[{"taxonomy":"category","embeddable":true,"href":"https:\/\/www.caririemacao.com\/1\/wp-json\/wp\/v2\/categories?post=97501"},{"taxonomy":"post_tag","embeddable":true,"href":"https:\/\/www.caririemacao.com\/1\/wp-json\/wp\/v2\/tags?post=97501"}],"curies":[{"name":"wp","href":"https:\/\/api.w.org\/{rel}","templated":true}]}}