{"id":97505,"date":"2019-05-31T11:52:34","date_gmt":"2019-05-31T14:52:34","guid":{"rendered":"http:\/\/www.caririemacao.com\/1\/?p=97505"},"modified":"2019-05-31T11:52:34","modified_gmt":"2019-05-31T14:52:34","slug":"mec-divulga-regras-para-financiamento-estudantil-do-segundo-semestre-de-2019","status":"publish","type":"post","link":"https:\/\/www.caririemacao.com\/1\/2019\/05\/31\/mec-divulga-regras-para-financiamento-estudantil-do-segundo-semestre-de-2019\/","title":{"rendered":"MEC divulga regras para financiamento estudantil do segundo semestre de 2019"},"content":{"rendered":"\n<p>O Minist\u00e9rio da Educa\u00e7\u00e3o (MEC) publicou nesta sexta (31) as regras para o Financiamento Estudantil (Fies) do segundo semestre de 2019. Os interessados em solicitar a ajuda devem se inscrever no&nbsp;<a href=\"http:\/\/fies.mec.gov.br\/\">site do Fies<\/a>&nbsp;de 25 de junho a 1\u00b0 de julho.<\/p>\n\n\n\n<p><a href=\"http:\/\/www.in.gov.br\/en\/web\/dou\/-\/edital-n-38-de-28-de-maio-de-2019processo-seletivo-segundo-semestre-de-2019fundo-de-financiamento-estudantil-fiesprograma-de-financiamento-estudantil-p-fies-149030113\">Confira o edital<\/a><\/p>\n\n\n\n<p>O primeiro resultado (pr\u00e9-sele\u00e7\u00e3o ou pr\u00e9-aprova\u00e7\u00e3o) ser\u00e1 divulgado no dia 9 de julho. A ordem de classifica\u00e7\u00e3o seguir\u00e1 as notas do Exame Nacional do Ensino M\u00e9dio (Enem).<\/p>\n\n\n\n<p>O Fies \u00e9 um programa de financiamento para estudantes cursarem o ensino superior em universidades privadas.<\/p>\n\n\n\n<p><strong>Poder\u00e1 participar do financiamento<\/strong><\/p>\n\n\n\n<ul class=\"wp-block-list\"><li>Quem tenha feito o Exame Nacional do Ensino M\u00e9dio (Enem) a partir de 2010, tenha nota igual ou maior que 450 nas cinco provas, e que n\u00e3o tenha zerado na reda\u00e7\u00e3o<\/li><li>Quem tiver renda familiar mensal per capita de at\u00e9 3 sal\u00e1rios m\u00ednimos, para o financiamento do Fies; e entre tr\u00eas e cinco sal\u00e1rios m\u00ednimos, para o P-Fies<\/li><\/ul>\n\n\n\n<p><strong>Fies 2\u00ba semestre 2019<\/strong><\/p>\n\n\n\n<ul class=\"wp-block-list\"><li>Inscri\u00e7\u00f5es: 25 de junho a 1\u00ba de julho<\/li><li>Pr\u00e9-sele\u00e7\u00e3o: 9 de julho<\/li><li>Contrata\u00e7\u00e3o: 10 a 12 de julho<\/li><li>Chamada da lista de espera: 15 de julho a 23 de agosto<\/li><\/ul>\n","protected":false},"excerpt":{"rendered":"<p>O Minist\u00e9rio da Educa\u00e7\u00e3o (MEC) publicou nesta sexta (31) as regras para o Financiamento Estudantil (Fies) do segundo semestre de 2019. Os interessados em solicitar&hellip; <\/p>\n","protected":false},"author":1,"featured_media":61310,"comment_status":"closed","ping_status":"closed","sticky":false,"template":"","format":"standard","meta":{"sfsi_plus_gutenberg_text_before_share":"","sfsi_plus_gutenberg_show_text_before_share":"","sfsi_plus_gutenberg_icon_type":"","sfsi_plus_gutenberg_icon_alignemt":"","sfsi_plus_gutenburg_max_per_row":"","footnotes":""},"categories":[14],"tags":[],"class_list":["post-97505","post","type-post","status-publish","format-standard","has-post-thumbnail","hentry","category-educacao"],"_links":{"self":[{"href":"https:\/\/www.caririemacao.com\/1\/wp-json\/wp\/v2\/posts\/97505","targetHints":{"allow":["GET"]}}],"collection":[{"href":"https:\/\/www.caririemacao.com\/1\/wp-json\/wp\/v2\/posts"}],"about":[{"href":"https:\/\/www.caririemacao.com\/1\/wp-json\/wp\/v2\/types\/post"}],"author":[{"embeddable":true,"href":"https:\/\/www.caririemacao.com\/1\/wp-json\/wp\/v2\/users\/1"}],"replies":[{"embeddable":true,"href":"https:\/\/www.caririemacao.com\/1\/wp-json\/wp\/v2\/comments?post=97505"}],"version-history":[{"count":1,"href":"https:\/\/www.caririemacao.com\/1\/wp-json\/wp\/v2\/posts\/97505\/revisions"}],"predecessor-version":[{"id":97506,"href":"https:\/\/www.caririemacao.com\/1\/wp-json\/wp\/v2\/posts\/97505\/revisions\/97506"}],"wp:featuredmedia":[{"embeddable":true,"href":"https:\/\/www.caririemacao.com\/1\/wp-json\/wp\/v2\/media\/61310"}],"wp:attachment":[{"href":"https:\/\/www.caririemacao.com\/1\/wp-json\/wp\/v2\/media?parent=97505"}],"wp:term":[{"taxonomy":"category","embeddable":true,"href":"https:\/\/www.caririemacao.com\/1\/wp-json\/wp\/v2\/categories?post=97505"},{"taxonomy":"post_tag","embeddable":true,"href":"https:\/\/www.caririemacao.com\/1\/wp-json\/wp\/v2\/tags?post=97505"}],"curies":[{"name":"wp","href":"https:\/\/api.w.org\/{rel}","templated":true}]}}