{"id":97509,"date":"2019-05-31T11:56:00","date_gmt":"2019-05-31T14:56:00","guid":{"rendered":"http:\/\/www.caririemacao.com\/1\/?p=97509"},"modified":"2019-05-31T11:56:00","modified_gmt":"2019-05-31T14:56:00","slug":"ibge-desemprego-recua-para-125-em-abril","status":"publish","type":"post","link":"https:\/\/www.caririemacao.com\/1\/2019\/05\/31\/ibge-desemprego-recua-para-125-em-abril\/","title":{"rendered":"IBGE: Desemprego recua para 12,5% em abril"},"content":{"rendered":"\n<p>A taxa de desemprego no Brasil caiu para 12,5% no trimestre encerrado em abril, atingindo 13,2 milh\u00f5es de pessoas, segundo dados divulgados nesta sexta-feira (31) pelo Instituto Brasileiro de Geografia e Estat\u00edstica (IBGE).<\/p>\n\n\n\n<p>Trata-se de um leve recuo ante a taxa de 12,7% registrada no trimestre encerrado em mar\u00e7o. Na compara\u00e7\u00e3o com o mesmo trimestre do ano passado (12,9%), a taxa de desemprego caiu 0,4 ponto percentual.<\/p>\n\n\n\n<p>A popula\u00e7\u00e3o ocupada no pa\u00eds somou 92,4 milh\u00f5es de pessoas, uma leve melhora em rela\u00e7\u00e3o ao trimestre m\u00f3vel anterior, de novembro de 2018 a janeiro de 2019 (92,3 milh\u00f5es) e cresceu 2,1% (mais 1,9 milh\u00e3o de pessoas) na compara\u00e7\u00e3o com o mesmo trimestre do ano passado (90,4 milh\u00f5es de pessoas).<\/p>\n\n\n\n<figure class=\"wp-block-image\"><img decoding=\"async\" data-src=\"https:\/\/www.clickpb.com.br\/media\/filer_public\/46\/c8\/46c84570-6e60-42bd-bbb5-e77066506cc4\/ibge.png\" alt=\"\" src=\"data:image\/svg+xml;base64,PHN2ZyB3aWR0aD0iMSIgaGVpZ2h0PSIxIiB4bWxucz0iaHR0cDovL3d3dy53My5vcmcvMjAwMC9zdmciPjwvc3ZnPg==\" class=\"lazyload\" \/><\/figure>\n\n\n\n<p>A popula\u00e7\u00e3o ocupada no pa\u00eds somou 92,4 milh\u00f5es de pessoas, uma alta de 2,1% (mais 1,9 milh\u00e3o de pessoas) na compara\u00e7\u00e3o com o mesmo trimestre do ano passado (90,4 milh\u00f5es de pessoas). Na compara\u00e7\u00e3o com o trimestre terminado em mar\u00e7o, a popula\u00e7\u00e3o ocupada cresceu em 502 mil pessoas.<\/p>\n\n\n\n<p><strong>Subutiliza\u00e7\u00e3o e desalento batem recorde<\/strong><\/p>\n\n\n\n<p>Apesar do recuo do desemprego, a popula\u00e7\u00e3o subutilizada atingiu 28,4 milh\u00f5es, n\u00famero recorde da s\u00e9rie hist\u00f3rica iniciada em 2012.<\/p>\n\n\n\n<p>O grupo de trabalhadores subutilizados re\u00fane os desempregados, aqueles que est\u00e3o subocupados (menos de 40 horas semanais trabalhadas), os desalentados (que desistiram de procurar emprego) e os que poderiam estar ocupados, mas n\u00e3o trabalham por motivos diversos.<\/p>\n\n\n\n<p>A taxa de subutiliza\u00e7\u00e3o da for\u00e7a de trabalho subiu para 24,9%, ante 24,2 no trimestre de novembro de 2018 a janeiro de 2019. Isso significa que 1 em cada 4 brasileiros em condi\u00e7\u00f5es de trabalhar est\u00e1 desempregado ou subutilizado.<\/p>\n\n\n\n<p>O n\u00famero de pessoas desalentadas chegou a 4,9 milh\u00f5es no trimestre encerrado em abril, alta de 4,2% em 1 ano (mais 199 mil pessoas), e tamb\u00e9m n\u00famero recorde na s\u00e9rie hist\u00f3rica do IBGE.<br><\/p>\n\n\n\n<figure class=\"wp-block-image\"><img decoding=\"async\" data-src=\"https:\/\/www.clickpb.com.br\/media\/filer_public\/73\/0d\/730d3731-9ed1-413e-b2c7-7c66df0fb404\/ibge2.png\" alt=\"\" src=\"data:image\/svg+xml;base64,PHN2ZyB3aWR0aD0iMSIgaGVpZ2h0PSIxIiB4bWxucz0iaHR0cDovL3d3dy53My5vcmcvMjAwMC9zdmciPjwvc3ZnPg==\" class=\"lazyload\" \/><\/figure>\n\n\n\n<p><strong>Economia estagnada<\/strong><\/p>\n\n\n\n<p>Na v\u00e9spera, o IBGE divulgou que o PIB (Produto Interno Bruto) do Brasil caiu 0,2% no 1\u00ba trimestre, a primeira contra\u00e7\u00e3o desde 2016, em meio a um tombo dos investimentos e desacelera\u00e7\u00e3o do consumo das fam\u00edlias. Com o fraco resultado da atividade econ\u00f4mica observado entre janeiro e mar\u00e7o, passou a ganhar for\u00e7a entre os analistas um cen\u00e1rio de que o crescimento do Brasil neste ano possa ser inferior a 1%.<\/p>\n\n\n\n<p>Dados do Cadastro Geral de Empregados e Desempregados (Caged) divulgados na semana passada pelo Minist\u00e9rio da Economia mostraram que o pa\u00eds criou 129.601 empregos com carteira assinada em abril, melhor resultado para meses de abril desde 2013.<\/p>\n\n\n\n<p>No ano, por\u00e9m, o ritmo segue abaixo do registrado no ano passado. Nos 4 primeiros meses de 2019, foram criados 313.835 empregos com carteira assinada. Com isso, houve queda de 6,83% frente ao mesmo per\u00edodo do ano passado (336.855 vagas formais).<\/p>\n","protected":false},"excerpt":{"rendered":"<p>A taxa de desemprego no Brasil caiu para 12,5% no trimestre encerrado em abril, atingindo 13,2 milh\u00f5es de pessoas, segundo dados divulgados nesta sexta-feira (31)&hellip; <\/p>\n","protected":false},"author":1,"featured_media":97510,"comment_status":"closed","ping_status":"closed","sticky":false,"template":"","format":"standard","meta":{"sfsi_plus_gutenberg_text_before_share":"","sfsi_plus_gutenberg_show_text_before_share":"","sfsi_plus_gutenberg_icon_type":"","sfsi_plus_gutenberg_icon_alignemt":"","sfsi_plus_gutenburg_max_per_row":"","footnotes":""},"categories":[2],"tags":[],"class_list":["post-97509","post","type-post","status-publish","format-standard","has-post-thumbnail","hentry","category-geral"],"_links":{"self":[{"href":"https:\/\/www.caririemacao.com\/1\/wp-json\/wp\/v2\/posts\/97509","targetHints":{"allow":["GET"]}}],"collection":[{"href":"https:\/\/www.caririemacao.com\/1\/wp-json\/wp\/v2\/posts"}],"about":[{"href":"https:\/\/www.caririemacao.com\/1\/wp-json\/wp\/v2\/types\/post"}],"author":[{"embeddable":true,"href":"https:\/\/www.caririemacao.com\/1\/wp-json\/wp\/v2\/users\/1"}],"replies":[{"embeddable":true,"href":"https:\/\/www.caririemacao.com\/1\/wp-json\/wp\/v2\/comments?post=97509"}],"version-history":[{"count":1,"href":"https:\/\/www.caririemacao.com\/1\/wp-json\/wp\/v2\/posts\/97509\/revisions"}],"predecessor-version":[{"id":97511,"href":"https:\/\/www.caririemacao.com\/1\/wp-json\/wp\/v2\/posts\/97509\/revisions\/97511"}],"wp:featuredmedia":[{"embeddable":true,"href":"https:\/\/www.caririemacao.com\/1\/wp-json\/wp\/v2\/media\/97510"}],"wp:attachment":[{"href":"https:\/\/www.caririemacao.com\/1\/wp-json\/wp\/v2\/media?parent=97509"}],"wp:term":[{"taxonomy":"category","embeddable":true,"href":"https:\/\/www.caririemacao.com\/1\/wp-json\/wp\/v2\/categories?post=97509"},{"taxonomy":"post_tag","embeddable":true,"href":"https:\/\/www.caririemacao.com\/1\/wp-json\/wp\/v2\/tags?post=97509"}],"curies":[{"name":"wp","href":"https:\/\/api.w.org\/{rel}","templated":true}]}}