{"id":97515,"date":"2019-05-31T12:01:07","date_gmt":"2019-05-31T15:01:07","guid":{"rendered":"http:\/\/www.caririemacao.com\/1\/?p=97515"},"modified":"2019-05-31T12:01:07","modified_gmt":"2019-05-31T15:01:07","slug":"prefeita-natalia-lira-usa-educacao-como-escudo-contra-a-criminalidade","status":"publish","type":"post","link":"https:\/\/www.caririemacao.com\/1\/2019\/05\/31\/prefeita-natalia-lira-usa-educacao-como-escudo-contra-a-criminalidade\/","title":{"rendered":"Prefeita Nat\u00e1lia Lira usa educa\u00e7\u00e3o como \u2018escudo\u2019 contra a criminalidade"},"content":{"rendered":"\n<p>De acordo com dados do&nbsp;<strong>Programa Para\u00edba Unida pela Paz<\/strong>, criado pelo Governo do Estado, o munic\u00edpio de<strong>&nbsp;Ouro Velho<\/strong>, localizado na regi\u00e3o do cariri, n\u00e3o registrou Crimes Violentos Letais Intencionais (<strong>CVLI<\/strong>) \u2013 homic\u00eddios dolosos ou qualquer outro crime doloso que resulte em morte, nos primeiros quatro messes de 2019.<\/p>\n\n\n\n<p>A Seguran\u00e7a P\u00fablica quando diz respeito \u00e0 Pol\u00edcia Militar, Pol\u00edcia Civil, a\u00e7\u00f5es ostensivas, investigativas e repreensivas, s\u00e3o responsabilidade da esfera estadual.<\/p>\n\n\n\n<p>No entanto, a prefeita de Ouro Velho,&nbsp;<strong>Nat\u00e1lia Lira<\/strong>, garante que as gest\u00f5es municipais podem contribuir com a\u00e7\u00f5es preventivas, para reduzir os \u00edndices de criminalidade e pontuou que na sua gest\u00e3o, os investimento nas \u00e1reas de educa\u00e7\u00e3o e a\u00e7\u00e3o social, foram fundamentais para contribuir com a redu\u00e7\u00e3o da criminalidade.<\/p>\n\n\n\n<p>\u201cA gest\u00e3o est\u00e1 fazendo com um alto investimento em&nbsp;<strong>educa\u00e7\u00e3o<\/strong>&nbsp;e a\u00e7\u00f5es&nbsp;<strong>sociais<\/strong>. Porque, n\u00e3o podemos mudar a realidade s\u00f3 com a repress\u00e3o. \u00c9 marcante quando a gente chega na escola nosso munic\u00edpio, onde existem professores, diretores e servidores determinados, que integram a comunidade no processo escolar. E eu enxergo isso em v\u00e1rios profissionais do munic\u00edpio que executam um trabalho de excel\u00eancia. Quando isso acontece, os \u00edndices de criminalidade s\u00e3o menores, porque os pais participam, abra\u00e7am a escola e acabam sendo l\u00edderes na localidade junto com os educadores, toda a regi\u00e3o se integra e a viol\u00eancia nesses locais tende a cair\u201d, declarou Nat\u00e1lia.<\/p>\n\n\n\n<p>A Para\u00edba foi o sexto estado do Brasil que mais conseguiu reduzir o n\u00famero de mortes violentas intencionais no primeiro bimestre de 2019, de acordo com dados do Monitor da Viol\u00eancia.<\/p>\n\n\n\n<p>Os dados do Monitor da Viol\u00eancia s\u00e3o abastecidos por informa\u00e7\u00f5es repassadas pela Secretaria da Defesa e Seguran\u00e7a Social (Seds) da Para\u00edba<\/p>\n\n\n\n<p>Pol\u00edtica Parahyba <\/p>\n","protected":false},"excerpt":{"rendered":"<p>De acordo com dados do&nbsp;Programa Para\u00edba Unida pela Paz, criado pelo Governo do Estado, o munic\u00edpio de&nbsp;Ouro Velho, localizado na regi\u00e3o do cariri, n\u00e3o registrou&hellip; <\/p>\n","protected":false},"author":1,"featured_media":30,"comment_status":"closed","ping_status":"closed","sticky":false,"template":"","format":"standard","meta":{"sfsi_plus_gutenberg_text_before_share":"","sfsi_plus_gutenberg_show_text_before_share":"","sfsi_plus_gutenberg_icon_type":"","sfsi_plus_gutenberg_icon_alignemt":"","sfsi_plus_gutenburg_max_per_row":"","footnotes":""},"categories":[6],"tags":[],"class_list":["post-97515","post","type-post","status-publish","format-standard","has-post-thumbnail","hentry","category-cidades"],"_links":{"self":[{"href":"https:\/\/www.caririemacao.com\/1\/wp-json\/wp\/v2\/posts\/97515","targetHints":{"allow":["GET"]}}],"collection":[{"href":"https:\/\/www.caririemacao.com\/1\/wp-json\/wp\/v2\/posts"}],"about":[{"href":"https:\/\/www.caririemacao.com\/1\/wp-json\/wp\/v2\/types\/post"}],"author":[{"embeddable":true,"href":"https:\/\/www.caririemacao.com\/1\/wp-json\/wp\/v2\/users\/1"}],"replies":[{"embeddable":true,"href":"https:\/\/www.caririemacao.com\/1\/wp-json\/wp\/v2\/comments?post=97515"}],"version-history":[{"count":1,"href":"https:\/\/www.caririemacao.com\/1\/wp-json\/wp\/v2\/posts\/97515\/revisions"}],"predecessor-version":[{"id":97516,"href":"https:\/\/www.caririemacao.com\/1\/wp-json\/wp\/v2\/posts\/97515\/revisions\/97516"}],"wp:featuredmedia":[{"embeddable":true,"href":"https:\/\/www.caririemacao.com\/1\/wp-json\/wp\/v2\/media\/30"}],"wp:attachment":[{"href":"https:\/\/www.caririemacao.com\/1\/wp-json\/wp\/v2\/media?parent=97515"}],"wp:term":[{"taxonomy":"category","embeddable":true,"href":"https:\/\/www.caririemacao.com\/1\/wp-json\/wp\/v2\/categories?post=97515"},{"taxonomy":"post_tag","embeddable":true,"href":"https:\/\/www.caririemacao.com\/1\/wp-json\/wp\/v2\/tags?post=97515"}],"curies":[{"name":"wp","href":"https:\/\/api.w.org\/{rel}","templated":true}]}}