{"id":97518,"date":"2019-05-31T12:10:51","date_gmt":"2019-05-31T15:10:51","guid":{"rendered":"http:\/\/www.caririemacao.com\/1\/?p=97518"},"modified":"2019-05-31T12:10:51","modified_gmt":"2019-05-31T15:10:51","slug":"festa-do-bode-rei-2019-comeca-nesta-sexta-feira-em-cabaceiras","status":"publish","type":"post","link":"https:\/\/www.caririemacao.com\/1\/2019\/05\/31\/festa-do-bode-rei-2019-comeca-nesta-sexta-feira-em-cabaceiras\/","title":{"rendered":"Festa do Bode Rei 2019 come\u00e7a nesta sexta-feira, em Cabaceiras"},"content":{"rendered":"\n<p>A programa\u00e7\u00e3o completa da 21\u00aa Festa do Bode Rei 2019 come\u00e7a nesta sexta-feira (31), em Cabaceiras, no Cariri paraibano. Neste ano, os destaques de shows ficam por conta de Amazan, L\u00facia Lemos e Vicente Nery, mas a programa\u00e7\u00e3o tamb\u00e9m conta com mais m\u00fasica e outras atividades. O evento vai acontecer at\u00e9 o pr\u00f3ximo domingo, dia 2.<\/p>\n\n\n\n<p>A cidade de Cabaceiras, a 180 km de Jo\u00e3o Pessoa, \u00e9 um dos polos tur\u00edsticos mais importantes da Para\u00edba. O munic\u00edpio \u00e9 conhecido como a \u2018Roli\u00fade Nordestina\u2019, onde foi rodado o filme \u2018O Auto da Compadecida\u2019 e est\u00e1 localizado o Lajedo de Pai Mateus.<\/p>\n\n\n\n<p><strong>Veja programa\u00e7\u00e3o:<\/strong><\/p>\n\n\n\n<p><strong>31 de maio \u2013 sexta-feira<\/strong><br>Forro Bod\u00f3<\/p>\n\n\n\n<p>\uf0fc Forr\u00f3 Lampejo<br>\uf0fc Amazan<br>\uf0fc Rog\u00e9rio Ventura<\/p>\n\n\n\n<p><strong>01 de junho \u2013 s\u00e1bado<\/strong><br>Forr\u00f3 Bod\u00f3<\/p>\n\n\n\n<p>\uf0fc L\u00facia Lemos<br>\uf0fc Trio Asa Branca com participa\u00e7\u00e3o de Marivaldo Aboiador<br>\uf0fc Forr\u00f3 do Bode Rei<br>\uf0fc Ave Maria Sertaneja \u2013 Violeiros: Erasmo Ferreira e Miro Pereira<br>\uf0fc Forr\u00f3 Gente Boa<br>\uf0fc Messinho Atualizado<\/p>\n\n\n\n<p>17h \u2013Cavalgada Manoel Amaro<br>Concentra\u00e7\u00e3o no letreiro da\u201cRoli\u00fade Nordestina\u201dconduzida por Marivaldo Aboiador<\/p>\n\n\n\n<p><strong>ROLI\u00daDE RALL<\/strong><br>(Est\u00e1dio Municipal Artur de Almeida Castro \u2013 Shows a partir das 22h)<\/p>\n\n\n\n<p>\uf0fc Vicente Nery<br>\uf0fc Hanry Freitas<br>\uf0fc Bedeu Quirino<\/p>\n\n\n\n<p><strong>02 de junho \u2013 domingo<\/strong><br>Forr\u00f3 Bod\u00f3<br>\uf0fc Hermes Lira<br>\uf0fc Samara Costa<br>\uf0fc J. Show e Banda Chap\u00e9u de Palha<br>\uf0fc Berinho Lima<br>\uf0fc Klever Lemos<br>\uf0fc Forr\u00f3 Anos Dourados<\/p>\n","protected":false},"excerpt":{"rendered":"<p>A programa\u00e7\u00e3o completa da 21\u00aa Festa do Bode Rei 2019 come\u00e7a nesta sexta-feira (31), em Cabaceiras, no Cariri paraibano. Neste ano, os destaques de shows&hellip; <\/p>\n","protected":false},"author":1,"featured_media":15529,"comment_status":"closed","ping_status":"closed","sticky":false,"template":"","format":"standard","meta":{"sfsi_plus_gutenberg_text_before_share":"","sfsi_plus_gutenberg_show_text_before_share":"","sfsi_plus_gutenberg_icon_type":"","sfsi_plus_gutenberg_icon_alignemt":"","sfsi_plus_gutenburg_max_per_row":"","footnotes":""},"categories":[2],"tags":[],"class_list":["post-97518","post","type-post","status-publish","format-standard","has-post-thumbnail","hentry","category-geral"],"_links":{"self":[{"href":"https:\/\/www.caririemacao.com\/1\/wp-json\/wp\/v2\/posts\/97518","targetHints":{"allow":["GET"]}}],"collection":[{"href":"https:\/\/www.caririemacao.com\/1\/wp-json\/wp\/v2\/posts"}],"about":[{"href":"https:\/\/www.caririemacao.com\/1\/wp-json\/wp\/v2\/types\/post"}],"author":[{"embeddable":true,"href":"https:\/\/www.caririemacao.com\/1\/wp-json\/wp\/v2\/users\/1"}],"replies":[{"embeddable":true,"href":"https:\/\/www.caririemacao.com\/1\/wp-json\/wp\/v2\/comments?post=97518"}],"version-history":[{"count":1,"href":"https:\/\/www.caririemacao.com\/1\/wp-json\/wp\/v2\/posts\/97518\/revisions"}],"predecessor-version":[{"id":97519,"href":"https:\/\/www.caririemacao.com\/1\/wp-json\/wp\/v2\/posts\/97518\/revisions\/97519"}],"wp:featuredmedia":[{"embeddable":true,"href":"https:\/\/www.caririemacao.com\/1\/wp-json\/wp\/v2\/media\/15529"}],"wp:attachment":[{"href":"https:\/\/www.caririemacao.com\/1\/wp-json\/wp\/v2\/media?parent=97518"}],"wp:term":[{"taxonomy":"category","embeddable":true,"href":"https:\/\/www.caririemacao.com\/1\/wp-json\/wp\/v2\/categories?post=97518"},{"taxonomy":"post_tag","embeddable":true,"href":"https:\/\/www.caririemacao.com\/1\/wp-json\/wp\/v2\/tags?post=97518"}],"curies":[{"name":"wp","href":"https:\/\/api.w.org\/{rel}","templated":true}]}}