{"id":97525,"date":"2019-05-31T13:37:50","date_gmt":"2019-05-31T16:37:50","guid":{"rendered":"http:\/\/www.caririemacao.com\/1\/?p=97525"},"modified":"2019-05-31T13:37:50","modified_gmt":"2019-05-31T16:37:50","slug":"caminhada-de-conscientizacao-marca-culminancia-da-campanha-maio-amarelo-em-sume","status":"publish","type":"post","link":"https:\/\/www.caririemacao.com\/1\/2019\/05\/31\/caminhada-de-conscientizacao-marca-culminancia-da-campanha-maio-amarelo-em-sume\/","title":{"rendered":"Caminhada de conscientiza\u00e7\u00e3o marca culmin\u00e2ncia da Campanha Maio Amarelo em Sum\u00e9"},"content":{"rendered":"\n<p> <br>Na manh\u00e3 desta sexta-feira (31), foi realizada uma caminhada com o objetivo de conscientizar o cidad\u00e3o de sua responsabilidade no tr\u00e2nsito, valorizando a\u00e7\u00f5es do cotidiano e visando a participa\u00e7\u00e3o de todos para o alcance da seguran\u00e7a vi\u00e1ria.<\/p>\n\n\n\n<p>A caminhada contou com a participa\u00e7\u00e3o dos alunos, professores e demais profissionais das escolas da rede municipal, bem como, membros da Policia Militar do munic\u00edpio e agentes de tr\u00e2nsito do Departamento de Estradas e Rodagens da Para\u00edba- DER.<\/p>\n\n\n\n<p>Durante o trajeto, os participantes demonstraram motiva\u00e7\u00e3o atrav\u00e9s de comandos alusivos \u00e0 cidadania e a educa\u00e7\u00e3o para o tr\u00e2nsito, como tamb\u00e9m fizeram a entrega de folders, adesivos alusivos \u00e0 campanha do Maio Amarelo para motoristas e pedestres que transitavam no centro de Sum\u00e9.<\/p>\n\n\n\n<p>A caminhada, finalizada na Pra\u00e7a Jos\u00e9 Am\u00e9rico, teve exposi\u00e7\u00e3o de cartazes que foram produzidos nas escolas durante todo o m\u00eas. A Campanha Maio Amarelo no munic\u00edpio contou uma s\u00e9rie de a\u00e7\u00f5es intensificadas durante esta semana.<\/p>\n\n\n\n<p>Na segunda-feira (27), alunos das escolas realizaram apresenta\u00e7\u00f5es culturais sobre o tr\u00e2nsito na Avenida Primeiro de Abril, mostrando que cada popular \u00e9 respons\u00e1vel por um tr\u00e2nsito mais seguro.<\/p>\n\n\n\n<p>Na noite da quinta-feira (30), foi realizada uma palestra para taxistas, mototaxistas e motoristas de transportes alternativos, ministrada pelo gerente executivo de transportes do DER, Ant\u00f4nio Fleming Cabral. Ele discutiu alguns pontos necess\u00e1rios para que as rodovias da Para\u00edba possam ser seguran\u00e7as.<\/p>\n\n\n\n<p>De acordo com Fleming, \u00e9 preciso a participa\u00e7\u00e3o de todos, a fiscaliza\u00e7\u00e3o e manuten\u00e7\u00e3o por parte do governo, os cuidados dos motoristas e a aten\u00e7\u00e3o dos pedestres. Ele parabenizou a Prefeitura de Sum\u00e9 por discutir o tema com jovens, adultos, pessoas que podem fazer um tr\u00e2nsito com educa\u00e7\u00e3o.<\/p>\n\n\n\n<p>O Movimento&nbsp;Maio&nbsp;Amarelo&nbsp;nasce com uma s\u00f3 proposta: chamar a aten\u00e7\u00e3o da sociedade para o alto \u00edndice de mortes e feridos no tr\u00e2nsito em todo o mundo. A cor amarela foi escolhida por significar no sem\u00e1foro, \u201caten\u00e7\u00e3o\u201d. E, no movimento que acontece durante maio, o pedido \u00e9 para que todos se atentem pela vida &#8211; as suas e as do pr\u00f3ximo.<\/p>\n\n\n\n<p>Ascom PMS<\/p>\n","protected":false},"excerpt":{"rendered":"<p>Na manh\u00e3 desta sexta-feira (31), foi realizada uma caminhada com o objetivo de conscientizar o cidad\u00e3o de sua responsabilidade no tr\u00e2nsito, valorizando a\u00e7\u00f5es do cotidiano&hellip; <\/p>\n","protected":false},"author":1,"featured_media":97526,"comment_status":"closed","ping_status":"closed","sticky":false,"template":"","format":"standard","meta":{"sfsi_plus_gutenberg_text_before_share":"","sfsi_plus_gutenberg_show_text_before_share":"","sfsi_plus_gutenberg_icon_type":"","sfsi_plus_gutenberg_icon_alignemt":"","sfsi_plus_gutenburg_max_per_row":"","footnotes":""},"categories":[2],"tags":[],"class_list":["post-97525","post","type-post","status-publish","format-standard","has-post-thumbnail","hentry","category-geral"],"_links":{"self":[{"href":"https:\/\/www.caririemacao.com\/1\/wp-json\/wp\/v2\/posts\/97525","targetHints":{"allow":["GET"]}}],"collection":[{"href":"https:\/\/www.caririemacao.com\/1\/wp-json\/wp\/v2\/posts"}],"about":[{"href":"https:\/\/www.caririemacao.com\/1\/wp-json\/wp\/v2\/types\/post"}],"author":[{"embeddable":true,"href":"https:\/\/www.caririemacao.com\/1\/wp-json\/wp\/v2\/users\/1"}],"replies":[{"embeddable":true,"href":"https:\/\/www.caririemacao.com\/1\/wp-json\/wp\/v2\/comments?post=97525"}],"version-history":[{"count":1,"href":"https:\/\/www.caririemacao.com\/1\/wp-json\/wp\/v2\/posts\/97525\/revisions"}],"predecessor-version":[{"id":97527,"href":"https:\/\/www.caririemacao.com\/1\/wp-json\/wp\/v2\/posts\/97525\/revisions\/97527"}],"wp:featuredmedia":[{"embeddable":true,"href":"https:\/\/www.caririemacao.com\/1\/wp-json\/wp\/v2\/media\/97526"}],"wp:attachment":[{"href":"https:\/\/www.caririemacao.com\/1\/wp-json\/wp\/v2\/media?parent=97525"}],"wp:term":[{"taxonomy":"category","embeddable":true,"href":"https:\/\/www.caririemacao.com\/1\/wp-json\/wp\/v2\/categories?post=97525"},{"taxonomy":"post_tag","embeddable":true,"href":"https:\/\/www.caririemacao.com\/1\/wp-json\/wp\/v2\/tags?post=97525"}],"curies":[{"name":"wp","href":"https:\/\/api.w.org\/{rel}","templated":true}]}}