{"id":97538,"date":"2019-05-31T13:41:54","date_gmt":"2019-05-31T16:41:54","guid":{"rendered":"http:\/\/www.caririemacao.com\/1\/?p=97538"},"modified":"2019-05-31T13:41:54","modified_gmt":"2019-05-31T16:41:54","slug":"vacinacao-contra-a-gripe-na-paraiba-sera-aberta-a-todos-os-publicos-a-partir-de-segunda-feira","status":"publish","type":"post","link":"https:\/\/www.caririemacao.com\/1\/2019\/05\/31\/vacinacao-contra-a-gripe-na-paraiba-sera-aberta-a-todos-os-publicos-a-partir-de-segunda-feira\/","title":{"rendered":"Vacina\u00e7\u00e3o contra a gripe na Para\u00edba ser\u00e1 aberta a todos os p\u00fablicos a partir de segunda-feira"},"content":{"rendered":"\n<p>A partir da pr\u00f3xima segunda-feira (03) a vacina\u00e7\u00e3o contra gripe na Para\u00edba ser\u00e1 aberta a toda a popula\u00e7\u00e3o, sem que sejam necessariamente os p\u00fablicos priorit\u00e1rios. A exclusividade na vacina\u00e7\u00e3o contra a Influenza para o p\u00fablico priorit\u00e1rio segue at\u00e9 este fim de semana.<\/p>\n\n\n\n<p>At\u00e9 a \u00faltima quarta-feira (29), 979.287 paraibanos j\u00e1 haviam se vacinado contra a gripe, correspondendo a 82,57% do p\u00fablico-alvo. Em todo o pa\u00eds, j\u00e1 foram vacinados 44,6 milh\u00f5es de pessoas, o que representa 75% do esperado.<\/p>\n\n\n\n<p>Fazem parte do grupo priorit\u00e1rio as gestantes, pu\u00e9rperas, crian\u00e7as entre 6 meses a menores de 6 anos, idosos, ind\u00edgenas, professores, trabalhadores de sa\u00fade, pessoas com comorbidades, funcion\u00e1rios do sistema prisional e popula\u00e7\u00e3o privada de liberdade.<\/p>\n\n\n\n<p>Os portadores de doen\u00e7as cr\u00f4nicas n\u00e3o transmiss\u00edveis, que inclui pessoas com defici\u00eancias espec\u00edficas, devem apresentar prescri\u00e7\u00e3o m\u00e9dica no ato da vacina\u00e7\u00e3o. Pacientes cadastrados em programas de controle das doen\u00e7as cr\u00f4nicas do SUS dever\u00e3o se dirigir aos postos em que est\u00e3o registrados para receber a vacina, sem a necessidade de prescri\u00e7\u00e3o m\u00e9dica.&nbsp;<\/p>\n\n\n\n<p>A escolha do p\u00fablico priorit\u00e1rio no Brasil segue recomenda\u00e7\u00e3o da Organiza\u00e7\u00e3o Mundial da Sa\u00fade (OMS). Essa defini\u00e7\u00e3o tamb\u00e9m \u00e9 respaldada por estudos epidemiol\u00f3gicos e pela observa\u00e7\u00e3o do comportamento das infec\u00e7\u00f5es respirat\u00f3rias, que t\u00eam como principal agente os v\u00edrus da gripe. S\u00e3o priorizados os grupos mais suscet\u00edveis ao agravamento de doen\u00e7as respirat\u00f3rias.<\/p>\n\n\n\n<p>A vacina produzida para 2019 teve mudan\u00e7a em duas das tr\u00eas cepas que comp\u00f5em a vacina, e protege contra os tr\u00eas subtipos do v\u00edrus da gripe que mais circularam no \u00faltimo ano no Hemisf\u00e9rio Sul, de acordo com determina\u00e7\u00e3o da OMS: A\/Michigan\/45\/2015 (H1N1) pdm09; A\/Switzerland\/8060\/2017 (H3N2); B\/Colorado\/06\/2017 (linhagem B\/Victoria\/2\/87). A vacina contra gripe \u00e9 segura e reduz as complica\u00e7\u00f5es que podem produzir casos graves da doen\u00e7a.<\/p>\n","protected":false},"excerpt":{"rendered":"<p>A partir da pr\u00f3xima segunda-feira (03) a vacina\u00e7\u00e3o contra gripe na Para\u00edba ser\u00e1 aberta a toda a popula\u00e7\u00e3o, sem que sejam necessariamente os p\u00fablicos priorit\u00e1rios.&hellip; <\/p>\n","protected":false},"author":1,"featured_media":84564,"comment_status":"closed","ping_status":"closed","sticky":false,"template":"","format":"standard","meta":{"sfsi_plus_gutenberg_text_before_share":"","sfsi_plus_gutenberg_show_text_before_share":"","sfsi_plus_gutenberg_icon_type":"","sfsi_plus_gutenberg_icon_alignemt":"","sfsi_plus_gutenburg_max_per_row":"","footnotes":""},"categories":[50,16],"tags":[],"class_list":["post-97538","post","type-post","status-publish","format-standard","has-post-thumbnail","hentry","category-destaque","category-saude"],"_links":{"self":[{"href":"https:\/\/www.caririemacao.com\/1\/wp-json\/wp\/v2\/posts\/97538","targetHints":{"allow":["GET"]}}],"collection":[{"href":"https:\/\/www.caririemacao.com\/1\/wp-json\/wp\/v2\/posts"}],"about":[{"href":"https:\/\/www.caririemacao.com\/1\/wp-json\/wp\/v2\/types\/post"}],"author":[{"embeddable":true,"href":"https:\/\/www.caririemacao.com\/1\/wp-json\/wp\/v2\/users\/1"}],"replies":[{"embeddable":true,"href":"https:\/\/www.caririemacao.com\/1\/wp-json\/wp\/v2\/comments?post=97538"}],"version-history":[{"count":1,"href":"https:\/\/www.caririemacao.com\/1\/wp-json\/wp\/v2\/posts\/97538\/revisions"}],"predecessor-version":[{"id":97539,"href":"https:\/\/www.caririemacao.com\/1\/wp-json\/wp\/v2\/posts\/97538\/revisions\/97539"}],"wp:featuredmedia":[{"embeddable":true,"href":"https:\/\/www.caririemacao.com\/1\/wp-json\/wp\/v2\/media\/84564"}],"wp:attachment":[{"href":"https:\/\/www.caririemacao.com\/1\/wp-json\/wp\/v2\/media?parent=97538"}],"wp:term":[{"taxonomy":"category","embeddable":true,"href":"https:\/\/www.caririemacao.com\/1\/wp-json\/wp\/v2\/categories?post=97538"},{"taxonomy":"post_tag","embeddable":true,"href":"https:\/\/www.caririemacao.com\/1\/wp-json\/wp\/v2\/tags?post=97538"}],"curies":[{"name":"wp","href":"https:\/\/api.w.org\/{rel}","templated":true}]}}