{"id":97542,"date":"2019-05-31T13:44:09","date_gmt":"2019-05-31T16:44:09","guid":{"rendered":"http:\/\/www.caririemacao.com\/1\/?p=97542"},"modified":"2019-05-31T13:44:09","modified_gmt":"2019-05-31T16:44:09","slug":"bomba-bolsonaro-revela-amizade-com-ex-assessor-de-filho-e-admite-preocupacao","status":"publish","type":"post","link":"https:\/\/www.caririemacao.com\/1\/2019\/05\/31\/bomba-bolsonaro-revela-amizade-com-ex-assessor-de-filho-e-admite-preocupacao\/","title":{"rendered":"Bomba! Bolsonaro revela amizade com ex-assessor de filho e admite preocupa\u00e7\u00e3o"},"content":{"rendered":"\n<p>Em entrevista \u00e0 revista Veja, publicada nesta sexta-feira (31), o presidente Jair Bolsonaro (PSL) disse estar preocupado com quebra de sigilo banc\u00e1rio de seu filho Fl\u00e1vio Bolsonaro (PSL) e falou sobre a sua rela\u00e7\u00e3o de amizade com Fabr\u00edcio Queiroz, piv\u00f4 da investiga\u00e7\u00e3o do Minist\u00e9rio Publico do Rio.<\/p>\n\n\n\n<p>\u201cL\u00f3gico [que preocupa]. Se algu\u00e9m mexe com um filho teu, n\u00e3o interessa se ele est\u00e1 certo ou est\u00e1 errado, voc\u00ea se preocupa\u201d, disse o presidente \u00e0 revista.<\/p>\n\n\n\n<p>Segundo a Promotoria, h\u00e1 ind\u00edcios robustos dos crimes de peculato, lavagem de dinheiro e organiza\u00e7\u00e3o criminosa no gabinete de Fl\u00e1vio de 2007 a 2018 na Assembleia Legislativa do Rio, per\u00edodo em que Queiroz trabalhou com o ent\u00e3o deputado estadual como uma esp\u00e9cie de chefe de gabinete.<\/p>\n\n\n\n<p>Foi com base nesses ind\u00edcios que a Promotoria solicitou a quebra dos sigilos banc\u00e1rio e fiscal de 86 pessoas e nove empresas.<\/p>\n\n\n\n<p>No caso de Fl\u00e1vio, uma comunica\u00e7\u00e3o do Coaf se refere a 48 dep\u00f3sitos sequenciais de R$ 2.000 em esp\u00e9cie em sua conta banc\u00e1ria de 9 de junho a 13 de julho. O senador afirmou que esses valores se referem a uma parcela do pagamento que recebeu em dinheiro pela venda de um im\u00f3vel no per\u00edodo e que foram depositados por ele mesmo num caixa eletr\u00f4nico.<\/p>\n\n\n\n<p>\u201cS\u00e3o os tais R$ 96 mil em dep\u00f3sitos de 2.000. Ele vendeu um apartamento, recebeu em dinheiro e fez os dep\u00f3sitos na conta dele. Um relat\u00f3rio do Coaf diz que, entre junho e julho de 2017, foram identificados 48 dep\u00f3sitos, de R$ 2.000 cada um, na conta do Fl\u00e1vio. O valor de R$ 2.000 \u00e9 o m\u00e1ximo permitido para dep\u00f3sitos em envelope no terminal de autoatendimento da Assembleia Legislativa do Rio.\u201d<\/p>\n\n\n\n<p>\u201cFalaram que os dep\u00f3sitos fracionados eram para fugir do Coaf. Dois mil reais \u00e9 o limite que voc\u00ea pode botar no envelope. O que tem de errado nisso? A\u00ed vem o Queiroz. Realmente tem dinheiro de funcion\u00e1rio na conta dele. O Coaf disse que h\u00e1 movimenta\u00e7\u00f5es financeiras suspeitas e incompat\u00edveis com o patrim\u00f4nio do Queiroz. Mas quem tem de responder a isso \u00e9 o Queiroz.\u201d<\/p>\n\n\n\n<p>A investiga\u00e7\u00e3o do Minist\u00e9rio P\u00fablico foi aberta ap\u00f3s um relat\u00f3rio do governo federal ter apontado movimenta\u00e7\u00e3o at\u00edpica de R$ 1,2 milh\u00e3o na conta banc\u00e1ria de Queiroz, de janeiro de 2016 a janeiro de 2017.<\/p>\n\n\n\n<p>Al\u00e9m do volume movimentado, chamou a aten\u00e7\u00e3o a forma com que as opera\u00e7\u00f5es se davam: dep\u00f3sitos e saques em dinheiro vivo, em data pr\u00f3xima do pagamento de servidores da Assembleia.<\/p>\n\n\n\n<p>Queiroz j\u00e1 admitiu que recebia parte dos valores dos sal\u00e1rios dos colegas de gabinete. Ele diz que usava esse dinheiro para remunerar assessores informais de Fl\u00e1vio, sem o conhecimento do ent\u00e3o deputado.<\/p>\n\n\n\n<p>\u201cEstou chateado porque houve dep\u00f3sitos na conta dele, ningu\u00e9m sabia disso, e ele tem de explicar isso da\u00ed. Eu conhe\u00e7o o Queiroz desde 1984. Foi meu soldado, recruta, paraquedista na Brigada de Infantaria Paraquedista. Ele era um policial bastante ativo, tinha alguns autos de resist\u00eancia, contou que estava enfrentando problemas na corpora\u00e7\u00e3o. Voc\u00eas sabem que esse pessoal de esquerda costuma transformar muito rapidamente auto de resist\u00eancia em execu\u00e7\u00e3o.\u201d<\/p>\n\n\n\n<p>\u201cA\u00ed come\u00e7ou a trabalhar conosco. E voc\u00ea sabe que l\u00e1 no Rio voc\u00ea precisa de seguran\u00e7a. Eu mesmo j\u00e1 usei o Queiroz v\u00e1rias vezes. Teve um epis\u00f3dio dele com o meu filho em Botafogo, um assalto na frente de casa, e o Queiroz, impetuoso, saiu para pegar o cara. Ent\u00e3o existe essa amizade comigo, sim. Pode ter coisa errada? Pode, n\u00e3o estou dizendo que tem. Mas tem o superdimensionamento porque sou eu, porque \u00e9 meu filho. Ningu\u00e9m mais do que eu quer a solu\u00e7\u00e3o desse caso o mais r\u00e1pido poss\u00edvel.\u201d<\/p>\n\n\n\n<p>Quest\u00f5es ainda sem respostas no caso Queiroz:<br>\u2013 Quem eram os assessores informais que Queiroz afirma ter remunerado com o sal\u00e1rio de outros funcion\u00e1rios do gabinete de Fl\u00e1vio?<br>\u2013 Por que o \u00fanico assessor que prestou depoimento ao Minist\u00e9rio P\u00fablico do Rio de Janeiro n\u00e3o confirmou esta vers\u00e3o de Queiroz?<br>\u2013 Como Fl\u00e1vio desconhecia as atividades de um dos seus principais assessores por dez anos?-<br>\u2013 Se Fl\u00e1vio possui apenas uma empresa que foi aberta em seu nome, em 2015, como ele obteve R$ 4,2 milh\u00f5es para comprar dois im\u00f3veis de 2012 a 2014?<br>\u2013 Por qual motivo Jair Bolsonaro emprestou dinheiro a algu\u00e9m que costumava movimentar centenas de milhares de reais?<br>\u2013 De que forma foi feito esse empr\u00e9stimo pelo presidente e onde est\u00e1 o comprovante da transa\u00e7\u00e3o?<br>\u2013 Onde est\u00e3o os comprovantes da venda e compra de carros alegadas por Queiroz?<br>\u2013 Por que h\u00e1 diverg\u00eancia entre as datas do sinal descrita na escritura de permuta de im\u00f3veis com o atleta F\u00e1bio Guerra e as de dep\u00f3sito em esp\u00e9cie fracionado na conta de Fl\u00e1vio?<\/p>\n","protected":false},"excerpt":{"rendered":"<p>Em entrevista \u00e0 revista Veja, publicada nesta sexta-feira (31), o presidente Jair Bolsonaro (PSL) disse estar preocupado com quebra de sigilo banc\u00e1rio de seu filho&hellip; <\/p>\n","protected":false},"author":1,"featured_media":95826,"comment_status":"closed","ping_status":"closed","sticky":false,"template":"","format":"standard","meta":{"sfsi_plus_gutenberg_text_before_share":"","sfsi_plus_gutenberg_show_text_before_share":"","sfsi_plus_gutenberg_icon_type":"","sfsi_plus_gutenberg_icon_alignemt":"","sfsi_plus_gutenburg_max_per_row":"","footnotes":""},"categories":[11],"tags":[],"class_list":["post-97542","post","type-post","status-publish","format-standard","has-post-thumbnail","hentry","category-politica"],"_links":{"self":[{"href":"https:\/\/www.caririemacao.com\/1\/wp-json\/wp\/v2\/posts\/97542","targetHints":{"allow":["GET"]}}],"collection":[{"href":"https:\/\/www.caririemacao.com\/1\/wp-json\/wp\/v2\/posts"}],"about":[{"href":"https:\/\/www.caririemacao.com\/1\/wp-json\/wp\/v2\/types\/post"}],"author":[{"embeddable":true,"href":"https:\/\/www.caririemacao.com\/1\/wp-json\/wp\/v2\/users\/1"}],"replies":[{"embeddable":true,"href":"https:\/\/www.caririemacao.com\/1\/wp-json\/wp\/v2\/comments?post=97542"}],"version-history":[{"count":1,"href":"https:\/\/www.caririemacao.com\/1\/wp-json\/wp\/v2\/posts\/97542\/revisions"}],"predecessor-version":[{"id":97543,"href":"https:\/\/www.caririemacao.com\/1\/wp-json\/wp\/v2\/posts\/97542\/revisions\/97543"}],"wp:featuredmedia":[{"embeddable":true,"href":"https:\/\/www.caririemacao.com\/1\/wp-json\/wp\/v2\/media\/95826"}],"wp:attachment":[{"href":"https:\/\/www.caririemacao.com\/1\/wp-json\/wp\/v2\/media?parent=97542"}],"wp:term":[{"taxonomy":"category","embeddable":true,"href":"https:\/\/www.caririemacao.com\/1\/wp-json\/wp\/v2\/categories?post=97542"},{"taxonomy":"post_tag","embeddable":true,"href":"https:\/\/www.caririemacao.com\/1\/wp-json\/wp\/v2\/tags?post=97542"}],"curies":[{"name":"wp","href":"https:\/\/api.w.org\/{rel}","templated":true}]}}