{"id":97550,"date":"2019-05-31T13:47:29","date_gmt":"2019-05-31T16:47:29","guid":{"rendered":"http:\/\/www.caririemacao.com\/1\/?p=97550"},"modified":"2019-05-31T13:47:29","modified_gmt":"2019-05-31T16:47:29","slug":"ultimo-dia-para-realizar-as-inscricoes-do-encceja","status":"publish","type":"post","link":"https:\/\/www.caririemacao.com\/1\/2019\/05\/31\/ultimo-dia-para-realizar-as-inscricoes-do-encceja\/","title":{"rendered":"\u00daltimo dia para realizar as inscri\u00e7\u00f5es do Encceja"},"content":{"rendered":"\n<p>Hoje (31) \u00e9 o \u00faltimo dia para se inscrever no Exame Nacional para Certifica\u00e7\u00e3o de Compet\u00eancias de Jovens e Adultos (Encceja) 2019. A inscri\u00e7\u00e3o \u00e9 gratuita e deve ser feita pela internet.<\/p>\n\n\n\n<p>Jovens e adultos que n\u00e3o terminaram os estudos na idade adequada podem fazer o exame para obter a certifica\u00e7\u00e3o de conclus\u00e3o do ensino fundamental ou m\u00e9dio.<\/p>\n\n\n\n<p>As provas ser\u00e3o aplicadas no dia 25 de agosto em 611 munic\u00edpios. Ser\u00e3o quatro provas objetivas, cada uma com 30 quest\u00f5es de m\u00faltipla escolha, e uma reda\u00e7\u00e3o. A nota m\u00ednima exigida para obten\u00e7\u00e3o da profici\u00eancia \u00e9 100 pontos nas provas objetivas e de cinco pontos na reda\u00e7\u00e3o.<\/p>\n\n\n\n<p>Os resultados podem ser usados de duas formas. Quem conseguir a nota m\u00ednima exigida em todas as provas tem direito \u00e0 certifica\u00e7\u00e3o de conclus\u00e3o do ensino fundamental ou do ensino m\u00e9dio.<\/p>\n\n\n\n<p>Aqueles que alcan\u00e7arem a nota m\u00ednima em uma das quatro provas, ou em mais de uma, mas n\u00e3o em todas, ter\u00e3o direito \u00e0 declara\u00e7\u00e3o parcial de profici\u00eancia.<\/p>\n\n\n\n<p>Os interessados no certificado do ensino fundamental precisam ter, pelo menos, 15 anos completos na data da prova. Para o certificado do ensino m\u00e9dio, a idade m\u00ednima exigida \u00e9 18 anos.<\/p>\n\n\n\n<p>O Instituto Nacional de Estudos e Pesquisas Educacionais An\u00edsio Teixeira (Inep) disponibiliza na p\u00e1gina do Sistema Encceja apostilas com material de estudo para os participantes de n\u00edvel fundamental e m\u00e9dio.<\/p>\n\n\n\n<p>Edital em Libras<br>Uma novidade desta edi\u00e7\u00e3o ser\u00e1 uma vers\u00e3o do edital em Libras. Outra mudan\u00e7a \u00e9 que o participante que j\u00e1 teve laudo m\u00e9dico aprovado em outras edi\u00e7\u00f5es n\u00e3o precisa apresentar novo laudo durante a inscri\u00e7\u00e3o.<\/p>\n\n\n\n<p>Participantes surdos, deficientes auditivos e surdocegos devem indicar, durante a inscri\u00e7\u00e3o, se usam aparelho auditivo ou implante coclear.<\/p>\n\n\n\n<p>Caso o interessado tenha feito a inscri\u00e7\u00e3o para a edi\u00e7\u00e3o anterior e tenha faltado, ser\u00e1 preciso justificar o motivo da aus\u00eancia em 2018.<\/p>\n","protected":false},"excerpt":{"rendered":"<p>Hoje (31) \u00e9 o \u00faltimo dia para se inscrever no Exame Nacional para Certifica\u00e7\u00e3o de Compet\u00eancias de Jovens e Adultos (Encceja) 2019. A inscri\u00e7\u00e3o \u00e9&hellip; <\/p>\n","protected":false},"author":1,"featured_media":97551,"comment_status":"closed","ping_status":"closed","sticky":false,"template":"","format":"standard","meta":{"sfsi_plus_gutenberg_text_before_share":"","sfsi_plus_gutenberg_show_text_before_share":"","sfsi_plus_gutenberg_icon_type":"","sfsi_plus_gutenberg_icon_alignemt":"","sfsi_plus_gutenburg_max_per_row":"","footnotes":""},"categories":[14],"tags":[],"class_list":["post-97550","post","type-post","status-publish","format-standard","has-post-thumbnail","hentry","category-educacao"],"_links":{"self":[{"href":"https:\/\/www.caririemacao.com\/1\/wp-json\/wp\/v2\/posts\/97550","targetHints":{"allow":["GET"]}}],"collection":[{"href":"https:\/\/www.caririemacao.com\/1\/wp-json\/wp\/v2\/posts"}],"about":[{"href":"https:\/\/www.caririemacao.com\/1\/wp-json\/wp\/v2\/types\/post"}],"author":[{"embeddable":true,"href":"https:\/\/www.caririemacao.com\/1\/wp-json\/wp\/v2\/users\/1"}],"replies":[{"embeddable":true,"href":"https:\/\/www.caririemacao.com\/1\/wp-json\/wp\/v2\/comments?post=97550"}],"version-history":[{"count":1,"href":"https:\/\/www.caririemacao.com\/1\/wp-json\/wp\/v2\/posts\/97550\/revisions"}],"predecessor-version":[{"id":97552,"href":"https:\/\/www.caririemacao.com\/1\/wp-json\/wp\/v2\/posts\/97550\/revisions\/97552"}],"wp:featuredmedia":[{"embeddable":true,"href":"https:\/\/www.caririemacao.com\/1\/wp-json\/wp\/v2\/media\/97551"}],"wp:attachment":[{"href":"https:\/\/www.caririemacao.com\/1\/wp-json\/wp\/v2\/media?parent=97550"}],"wp:term":[{"taxonomy":"category","embeddable":true,"href":"https:\/\/www.caririemacao.com\/1\/wp-json\/wp\/v2\/categories?post=97550"},{"taxonomy":"post_tag","embeddable":true,"href":"https:\/\/www.caririemacao.com\/1\/wp-json\/wp\/v2\/tags?post=97550"}],"curies":[{"name":"wp","href":"https:\/\/api.w.org\/{rel}","templated":true}]}}