{"id":97556,"date":"2019-05-31T14:03:39","date_gmt":"2019-05-31T17:03:39","guid":{"rendered":"http:\/\/www.caririemacao.com\/1\/?p=97556"},"modified":"2019-05-31T14:03:39","modified_gmt":"2019-05-31T17:03:39","slug":"prefeitura-de-monteiro-promove-capacitacao-para-equipe-da-secretaria-de-comunicacao","status":"publish","type":"post","link":"https:\/\/www.caririemacao.com\/1\/2019\/05\/31\/prefeitura-de-monteiro-promove-capacitacao-para-equipe-da-secretaria-de-comunicacao\/","title":{"rendered":"Prefeitura de Monteiro promove capacita\u00e7\u00e3o para equipe da Secretaria de Comunica\u00e7\u00e3o"},"content":{"rendered":"\n<p>O Tribunal de Contas do Estado da Para\u00edba sediou nesta quarta-feira, 29, o 3\u00ba Encontro Paraibano de Ouvidorias, realizado pelo F\u00f3rum Paraibano de Ouvidorias P\u00fablicas Privadas (FOPO), no Centro Cultural Ariano Suassuna, em Jo\u00e3o Pessoa, das 8h \u00e0s 17h.<\/p>\n\n\n\n<p>Tendo em vista que o prazo para as Prefeituras em todo o pa\u00eds implantem Ouvidorias Municipais termina no pr\u00f3ximo dia 16, a prefeita do munic\u00edpio de Monteiro enviou a equipe respons\u00e1vel pelo setor para participar do evento que ainda contou com oficinas t\u00e9cnicas direcionadas aos profissionais.<\/p>\n\n\n\n<p>Monteiro conta com a Ouvidoria desde janeiro de 2018, sendo um dos munic\u00edpios pioneiros na implanta\u00e7\u00e3o da ferramenta na Para\u00edba. Atualmente apenas 60 prefeituras possuem este canal direto com a comunidade, incluindo a maior cidade do Cariri paraibano.<\/p>\n\n\n\n<p>O encontro reuniu al\u00e9m dos representantes da Ouvidoria Municipal de Monteiro, representantes de institui\u00e7\u00f5es p\u00fablicas, prefeitos, presidentes de C\u00e2maras Municipais, ouvidores, controladores municipais, gestores p\u00fablicos, estudantes e a sociedade em geral do estados da Para\u00edba, Pernambuco e Rio Grande do Norte .<\/p>\n\n\n\n<p>O 3\u00ba Encontro Paraibano de Ouvidorias teve como tem\u00e1tica a implementa\u00e7\u00e3o de ouvidorias para o fortalecimento da democracia participativa de acordo com a Lei de Defesa ao Usu\u00e1rio do Servi\u00e7o P\u00fablico (Lei 13.460). O evento discutiu pr\u00e1ticas, diretrizes onde os participantes tiveram a oportunidade de compartilhar experi\u00eancias e tamb\u00e9m sobre a instaura\u00e7\u00e3o e as atividades de uma ouvidoria para a melhoria da gest\u00e3o p\u00fablica.<\/p>\n\n\n\n<p>\u201cEste foi um momento muito importante para a Prefeitura, para n\u00f3s como funcion\u00e1rios e para a popula\u00e7\u00e3o que ganhar\u00e1 com um servi\u00e7o prestado com mais qualidade e agilidade, atendendo a todos os requisitos previstos em lei. A qualifica\u00e7\u00e3o fortalecer\u00e1 o v\u00ednculo comunidade\/gest\u00e3o com esse espa\u00e7o de interlocu\u00e7\u00e3o com os cidad\u00e3os\u201d, conta Yhamirian de Paula, participante do F\u00f3rum.<\/p>\n\n\n\n<p>Mais Qualifica\u00e7\u00f5es<\/p>\n\n\n\n<div class=\"wp-block-image\"><figure class=\"alignleft\"><img decoding=\"async\" data-src=\"https:\/\/i2.wp.com\/www.vitrinedocariri.com.br\/wp-content\/uploads\/2019\/05\/capacita%C3%A7%C3%A3o-3.jpeg?zoom=2&amp;resize=330%2C219&amp;ssl=1\" alt=\"\" class=\"wp-image-45030 lazyload\" src=\"data:image\/svg+xml;base64,PHN2ZyB3aWR0aD0iMSIgaGVpZ2h0PSIxIiB4bWxucz0iaHR0cDovL3d3dy53My5vcmcvMjAwMC9zdmciPjwvc3ZnPg==\" \/><\/figure><\/div>\n\n\n\n<p>Encerrou na \u00faltima semana o curso sobre, \u201cCerimonial e Protocolo\u201d que teve como objetivo apresentar a import\u00e2ncia do cerimonial como instrumento na forma\u00e7\u00e3o da imagem institucional, bem como normas e dados t\u00e9cnicos.<\/p>\n\n\n\n<p>A capacita\u00e7\u00e3o aconteceu no vizinho munic\u00edpio de Sum\u00e9 em parceria com o Sebrae. Participaram, al\u00e9m dos funcion\u00e1rios do Cerimonial da Prefeitura Municipal de Monteiro, representantes dos cerimoniais executivos de diversas cidades do Cariri, al\u00e9m de profissionais da Comunica\u00e7\u00e3o.<\/p>\n\n\n\n<p>O instrutor do curso foi o reconhecido cerimonialista paraibano Fernando Fernandes, que com aulas pr\u00e1ticas e te\u00f3ricas repassou um apurado do conhecimento adquirido ao longo de sua longa jornada profissional.<\/p>\n\n\n\n<div class=\"wp-block-image\"><figure class=\"alignleft\"><img decoding=\"async\" data-src=\"https:\/\/i2.wp.com\/www.vitrinedocariri.com.br\/wp-content\/uploads\/2019\/05\/capacita%C3%A7%C3%A3o-1.jpeg?zoom=2&amp;resize=330%2C219&amp;ssl=1\" alt=\"\" class=\"wp-image-45028 lazyload\" src=\"data:image\/svg+xml;base64,PHN2ZyB3aWR0aD0iMSIgaGVpZ2h0PSIxIiB4bWxucz0iaHR0cDovL3d3dy53My5vcmcvMjAwMC9zdmciPjwvc3ZnPg==\" \/><\/figure><\/div>\n\n\n\n<p>Para Francisco Vasconcelos, mestre de cerim\u00f4nias da Prefeitura de Monteiro, o curso engloba as normas do comportamento que norteia a imagem p\u00fablica, seja ela em qualquer evento e completa: \u201cTivemos a oportunidade de aprender com este mestre do cerimonial. De forma bastante din\u00e2mica e did\u00e1tica pudemos adquirir um imenso conhecimento, o qual os monteirenses poder\u00e3o perceber nos eventos oficiais da Prefeitura. Tudo ser\u00e1 feito com ainda mais zelo e beleza para nossa popula\u00e7\u00e3o\u201d.<\/p>\n","protected":false},"excerpt":{"rendered":"<p>O Tribunal de Contas do Estado da Para\u00edba sediou nesta quarta-feira, 29, o 3\u00ba Encontro Paraibano de Ouvidorias, realizado pelo F\u00f3rum Paraibano de Ouvidorias P\u00fablicas&hellip; <\/p>\n","protected":false},"author":1,"featured_media":97557,"comment_status":"closed","ping_status":"closed","sticky":false,"template":"","format":"standard","meta":{"sfsi_plus_gutenberg_text_before_share":"","sfsi_plus_gutenberg_show_text_before_share":"","sfsi_plus_gutenberg_icon_type":"","sfsi_plus_gutenberg_icon_alignemt":"","sfsi_plus_gutenburg_max_per_row":"","footnotes":""},"categories":[2],"tags":[],"class_list":["post-97556","post","type-post","status-publish","format-standard","has-post-thumbnail","hentry","category-geral"],"_links":{"self":[{"href":"https:\/\/www.caririemacao.com\/1\/wp-json\/wp\/v2\/posts\/97556","targetHints":{"allow":["GET"]}}],"collection":[{"href":"https:\/\/www.caririemacao.com\/1\/wp-json\/wp\/v2\/posts"}],"about":[{"href":"https:\/\/www.caririemacao.com\/1\/wp-json\/wp\/v2\/types\/post"}],"author":[{"embeddable":true,"href":"https:\/\/www.caririemacao.com\/1\/wp-json\/wp\/v2\/users\/1"}],"replies":[{"embeddable":true,"href":"https:\/\/www.caririemacao.com\/1\/wp-json\/wp\/v2\/comments?post=97556"}],"version-history":[{"count":1,"href":"https:\/\/www.caririemacao.com\/1\/wp-json\/wp\/v2\/posts\/97556\/revisions"}],"predecessor-version":[{"id":97558,"href":"https:\/\/www.caririemacao.com\/1\/wp-json\/wp\/v2\/posts\/97556\/revisions\/97558"}],"wp:featuredmedia":[{"embeddable":true,"href":"https:\/\/www.caririemacao.com\/1\/wp-json\/wp\/v2\/media\/97557"}],"wp:attachment":[{"href":"https:\/\/www.caririemacao.com\/1\/wp-json\/wp\/v2\/media?parent=97556"}],"wp:term":[{"taxonomy":"category","embeddable":true,"href":"https:\/\/www.caririemacao.com\/1\/wp-json\/wp\/v2\/categories?post=97556"},{"taxonomy":"post_tag","embeddable":true,"href":"https:\/\/www.caririemacao.com\/1\/wp-json\/wp\/v2\/tags?post=97556"}],"curies":[{"name":"wp","href":"https:\/\/api.w.org\/{rel}","templated":true}]}}