{"id":97566,"date":"2019-05-31T14:46:00","date_gmt":"2019-05-31T17:46:00","guid":{"rendered":"http:\/\/www.caririemacao.com\/1\/?p=97566"},"modified":"2019-05-31T14:46:00","modified_gmt":"2019-05-31T17:46:00","slug":"alunos-do-cec-em-serra-branca-realizam-acao-social","status":"publish","type":"post","link":"https:\/\/www.caririemacao.com\/1\/2019\/05\/31\/alunos-do-cec-em-serra-branca-realizam-acao-social\/","title":{"rendered":"Alunos do CEC em Serra Branca realizam a\u00e7\u00e3o social"},"content":{"rendered":"\n<figure class=\"wp-block-image\"><img decoding=\"async\" data-src=\"https:\/\/scontent.fcpv1-1.fna.fbcdn.net\/v\/t1.0-9\/61634150_2336423476414863_9186329176582389760_n.jpg?_nc_cat=107&amp;_nc_ht=scontent.fcpv1-1.fna&amp;oh=ed2375dc694bc8c4294b74e5a9888f04&amp;oe=5D5D253A\" alt=\"A imagem pode conter: 5 pessoas, pessoas sorrindo, pessoas em p\u00c3\u00a9\" src=\"data:image\/svg+xml;base64,PHN2ZyB3aWR0aD0iMSIgaGVpZ2h0PSIxIiB4bWxucz0iaHR0cDovL3d3dy53My5vcmcvMjAwMC9zdmciPjwvc3ZnPg==\" class=\"lazyload\" \/><\/figure>\n\n\n\n<p><strong><br><\/strong>O CEC EDUCACIONAL realizou uma grande A\u00e7\u00e3o Social atrav\u00e9s dos seus alunos do Curso T\u00e9cnico em Sa\u00fade Bucal do Polo Serra Branca.<br>Os alunos estiveram acompanhados pela professora e cirurgi\u00e3 dentista Dra. Mariele e tamb\u00e9m pelo Auxiliar Administrativo da institui\u00e7\u00e3o Marcos Paulo.<br>Cada vez mais, a escola tem aproximado sua atua\u00e7\u00e3o da comunidade em todas as cidades do Cariri e tamb\u00e9m do interior de Pernambuco onde o CEC tem polos.<strong><br><\/strong><\/p>\n\n\n\n<p><strong>F\u00c1BIO BRITO com informa\u00e7\u00f5es e fotos de Aninha Formiga<\/strong><\/p>\n","protected":false},"excerpt":{"rendered":"<p>O CEC EDUCACIONAL realizou uma grande A\u00e7\u00e3o Social atrav\u00e9s dos seus alunos do Curso T\u00e9cnico em Sa\u00fade Bucal do Polo Serra Branca.Os alunos estiveram acompanhados&hellip; <\/p>\n","protected":false},"author":1,"featured_media":41522,"comment_status":"closed","ping_status":"closed","sticky":false,"template":"","format":"standard","meta":{"sfsi_plus_gutenberg_text_before_share":"","sfsi_plus_gutenberg_show_text_before_share":"","sfsi_plus_gutenberg_icon_type":"","sfsi_plus_gutenberg_icon_alignemt":"","sfsi_plus_gutenburg_max_per_row":"","footnotes":""},"categories":[6],"tags":[],"class_list":["post-97566","post","type-post","status-publish","format-standard","has-post-thumbnail","hentry","category-cidades"],"_links":{"self":[{"href":"https:\/\/www.caririemacao.com\/1\/wp-json\/wp\/v2\/posts\/97566","targetHints":{"allow":["GET"]}}],"collection":[{"href":"https:\/\/www.caririemacao.com\/1\/wp-json\/wp\/v2\/posts"}],"about":[{"href":"https:\/\/www.caririemacao.com\/1\/wp-json\/wp\/v2\/types\/post"}],"author":[{"embeddable":true,"href":"https:\/\/www.caririemacao.com\/1\/wp-json\/wp\/v2\/users\/1"}],"replies":[{"embeddable":true,"href":"https:\/\/www.caririemacao.com\/1\/wp-json\/wp\/v2\/comments?post=97566"}],"version-history":[{"count":1,"href":"https:\/\/www.caririemacao.com\/1\/wp-json\/wp\/v2\/posts\/97566\/revisions"}],"predecessor-version":[{"id":97568,"href":"https:\/\/www.caririemacao.com\/1\/wp-json\/wp\/v2\/posts\/97566\/revisions\/97568"}],"wp:featuredmedia":[{"embeddable":true,"href":"https:\/\/www.caririemacao.com\/1\/wp-json\/wp\/v2\/media\/41522"}],"wp:attachment":[{"href":"https:\/\/www.caririemacao.com\/1\/wp-json\/wp\/v2\/media?parent=97566"}],"wp:term":[{"taxonomy":"category","embeddable":true,"href":"https:\/\/www.caririemacao.com\/1\/wp-json\/wp\/v2\/categories?post=97566"},{"taxonomy":"post_tag","embeddable":true,"href":"https:\/\/www.caririemacao.com\/1\/wp-json\/wp\/v2\/tags?post=97566"}],"curies":[{"name":"wp","href":"https:\/\/api.w.org\/{rel}","templated":true}]}}