{"id":97573,"date":"2019-05-31T15:38:39","date_gmt":"2019-05-31T18:38:39","guid":{"rendered":"http:\/\/www.caririemacao.com\/1\/?p=97573"},"modified":"2019-05-31T15:38:39","modified_gmt":"2019-05-31T18:38:39","slug":"bolsonaro-deve-rever-artigo-da-reforma-da-previdencia-sobre-deficiente","status":"publish","type":"post","link":"https:\/\/www.caririemacao.com\/1\/2019\/05\/31\/bolsonaro-deve-rever-artigo-da-reforma-da-previdencia-sobre-deficiente\/","title":{"rendered":"Bolsonaro deve rever artigo da reforma da Previd\u00eancia sobre deficiente"},"content":{"rendered":"\n<p>O presidente Jair Bolsonaro disse hoje (31) que a pedido da primeira-dama, Michelle Bolsonaro, o Minist\u00e9rio da Economia vai rever o artigo 28 da proposta de reforma da Previd\u00eancia que prev\u00ea que deficientes intelectuais com grau leve ou moderado deixem de receber pens\u00e3o em caso da morte dos pais.<\/p>\n\n\n\n<p>\u201cVoc\u00ea sabe que os pedidos da primeira-dama geralmente s\u00e3o irrecus\u00e1veis e inadi\u00e1veis. J\u00e1 passamos para o Rog\u00e9rio Marinho [secret\u00e1rio de Previd\u00eancia do Minist\u00e9rio da Economia] essa quest\u00e3o e tenho certeza que ele vai atender a primeira-dama\u201d, disse Bolsonaro.<\/p>\n\n\n\n<p>De acordo com a proposta do governo, apenas as pessoas com defici\u00eancia considerada grave ou inv\u00e1lidos ter\u00e3o o direito de receber a pens\u00e3o previdenci\u00e1ria. A Proposta de Emenda \u00e0 Constitui\u00e7\u00e3o n\u00ba 6\/2019 est\u00e1 em tramita\u00e7\u00e3o na Comiss\u00e3o Especial da C\u00e2mara dos Deputados e recebeu dos deputados 277 emendas ao texto.<\/p>\n\n\n\n<p>Bolsonaro participou, nesta manh\u00e3, em Goi\u00e2nia (GO), da 46\u00aa Assembleia Geral da Conven\u00e7\u00e3o Nacional das Assembleias de Deus \u2013 Minist\u00e9rio Madureira. Foi a primeira visita oficial do presidente \u00e0 capital goiana.<\/p>\n\n\n\n<p>Antes do evento, acompanhado do ministro da Infraestrutura, Tarc\u00edsio Freitas, e do l\u00edder do governo na C\u00e2mara, Major V\u00edtor Hugo (PSL-GO), Bolsonaro foi recebido pelo governador de Goi\u00e1s, Ronaldo Caiado, no Pal\u00e1cio das Esmeraldas, sede do governo goiano.<\/p>\n\n\n\n<p>Durante o encontro com autoridades, o presidente agradeceu a hospitalidade e destacou o empenho do governador em buscar solu\u00e7\u00f5es para o estado. \u201cA sua maneira de fazer pol\u00edtica cativa a todos. At\u00e9 porque o que voc\u00ea faz em Bras\u00edlia, quando est\u00e1 ao meu lado, \u00e9 procurar, cada vez mais, fazer o bem para o povo do seu Estado\u201d, disse. \u201cE o apoio de governadores, deputados, senadores, entre outros, nos fortalece e nos d\u00e3o o combust\u00edvel para n\u00f3s mudarmos o destino do nosso Brasil\u201d, finalizou.<\/p>\n\n\n\n<p><strong>Rodovia Norte-Sul<\/strong><br><\/p>\n\n\n\n<p>Caiado aproveitou a oportunidade e pediu ao presidente que a assinatura da concess\u00e3o da Ferrovia Norte-Sul seja feita em An\u00e1polis, interior do estado. Bolsonaro concordou. O empreendimento foi projetado para se tornar uma esp\u00e9cie de espinha dorsal do transporte ferrovi\u00e1rio brasileiro e as obras de constru\u00e7\u00e3o da foram iniciadas em 1987. O trecho entre A\u00e7ail\u00e2ndia, no Maranh\u00e3o, e An\u00e1polis, com cerca de 1.550 quil\u00f4metros, est\u00e1 pronto para uso.<\/p>\n\n\n\n<p>De acordo com o ministro da Infraestrutura, a ferrovia vai come\u00e7ar a operar no sentido norte assim que o contrato for assinado, em julho. \u201cE vamos fazer os investimentos para inciar a opera\u00e7\u00e3o no sentido sul. Os investimentos v\u00e3o levar um ano e meio, para aquisi\u00e7\u00e3o de material rodante, obras de \u00e1reas especiais, sinaliza\u00e7\u00e3o e seguran\u00e7a e aquisi\u00e7\u00e3o de frota. Ser\u00e3o R$ 3 bilh\u00f5es investidos\u201d.<\/p>\n\n\n\n<p>O ministro contou ainda que esse ano tamb\u00e9m ser\u00e1 assinado contrato para as obras da ferrovia de integra\u00e7\u00e3o do Centro-Oeste, que vai ligar o Vale do Araguaia, no Mato Grosso, at\u00e9 a ferrovia Norte-Sul.<\/p>\n","protected":false},"excerpt":{"rendered":"<p>O presidente Jair Bolsonaro disse hoje (31) que a pedido da primeira-dama, Michelle Bolsonaro, o Minist\u00e9rio da Economia vai rever o artigo 28 da proposta&hellip; <\/p>\n","protected":false},"author":1,"featured_media":97574,"comment_status":"closed","ping_status":"closed","sticky":false,"template":"","format":"standard","meta":{"sfsi_plus_gutenberg_text_before_share":"","sfsi_plus_gutenberg_show_text_before_share":"","sfsi_plus_gutenberg_icon_type":"","sfsi_plus_gutenberg_icon_alignemt":"","sfsi_plus_gutenburg_max_per_row":"","footnotes":""},"categories":[11],"tags":[],"class_list":["post-97573","post","type-post","status-publish","format-standard","has-post-thumbnail","hentry","category-politica"],"_links":{"self":[{"href":"https:\/\/www.caririemacao.com\/1\/wp-json\/wp\/v2\/posts\/97573","targetHints":{"allow":["GET"]}}],"collection":[{"href":"https:\/\/www.caririemacao.com\/1\/wp-json\/wp\/v2\/posts"}],"about":[{"href":"https:\/\/www.caririemacao.com\/1\/wp-json\/wp\/v2\/types\/post"}],"author":[{"embeddable":true,"href":"https:\/\/www.caririemacao.com\/1\/wp-json\/wp\/v2\/users\/1"}],"replies":[{"embeddable":true,"href":"https:\/\/www.caririemacao.com\/1\/wp-json\/wp\/v2\/comments?post=97573"}],"version-history":[{"count":1,"href":"https:\/\/www.caririemacao.com\/1\/wp-json\/wp\/v2\/posts\/97573\/revisions"}],"predecessor-version":[{"id":97575,"href":"https:\/\/www.caririemacao.com\/1\/wp-json\/wp\/v2\/posts\/97573\/revisions\/97575"}],"wp:featuredmedia":[{"embeddable":true,"href":"https:\/\/www.caririemacao.com\/1\/wp-json\/wp\/v2\/media\/97574"}],"wp:attachment":[{"href":"https:\/\/www.caririemacao.com\/1\/wp-json\/wp\/v2\/media?parent=97573"}],"wp:term":[{"taxonomy":"category","embeddable":true,"href":"https:\/\/www.caririemacao.com\/1\/wp-json\/wp\/v2\/categories?post=97573"},{"taxonomy":"post_tag","embeddable":true,"href":"https:\/\/www.caririemacao.com\/1\/wp-json\/wp\/v2\/tags?post=97573"}],"curies":[{"name":"wp","href":"https:\/\/api.w.org\/{rel}","templated":true}]}}