{"id":97579,"date":"2019-05-31T15:46:04","date_gmt":"2019-05-31T18:46:04","guid":{"rendered":"http:\/\/www.caririemacao.com\/1\/?p=97579"},"modified":"2019-05-31T15:46:04","modified_gmt":"2019-05-31T18:46:04","slug":"dia-mundial-sem-tabaco-paraiba-possui-mais-de-400-mil-fumantes-diz-ibge","status":"publish","type":"post","link":"https:\/\/www.caririemacao.com\/1\/2019\/05\/31\/dia-mundial-sem-tabaco-paraiba-possui-mais-de-400-mil-fumantes-diz-ibge\/","title":{"rendered":"Dia Mundial sem Tabaco: Para\u00edba possui mais de 400 mil fumantes, diz IBGE"},"content":{"rendered":"\n<p>A Para\u00edba possui atualmente 468.596 fumantes, o que representa 11,5% da popula\u00e7\u00e3o, segundo estimativas do Instituto Brasileiro de Geografia e Estat\u00edstica (IBGE). De acordo com o&nbsp;Instituto Nacional de C\u00e2ncer (Inca),&nbsp;o tabagismo \u00e9 respons\u00e1vel por 90% dos casos de c\u00e2ncer no pulm\u00e3o e por 30% das mortes decorrentes de outros tipos de c\u00e2ncer.<\/p>\n\n\n\n<p>Em 2017, em toda a Para\u00edba, 618 pessoas morreram v\u00edtimas de c\u00e2nceres relacionados ao fumo (laringe, pulm\u00f5es, boca e faringe). No ano passado, o n\u00famero de mortes caiu para 594 e em 2019, at\u00e9 o momento, foram registrados 213 \u00f3bitos.<\/p>\n\n\n\n<p>Segundo o pneumologista&nbsp;Jorge Benevides, o v\u00edcio pode ser enfrentando quando o paciente tem consci\u00eancia para lutar contra os h\u00e1bitos negativos.&nbsp;\u201cSem ajuda m\u00e9dica, sem ajuda de um grupo multidisciplinar, as coisas se tornam mais dif\u00edceis porque a agress\u00e3o ao corpo e ao c\u00e9rebro \u00e9 devastadora\u201d, completa.<\/p>\n\n\n\n<p>Ainda segundo ele&nbsp;existem diversas orienta\u00e7\u00f5es para quem deseja parar de fumar que incluem alimenta\u00e7\u00e3o e atividades f\u00edsicas. &#8220;O pulm\u00e3o \u00e9 uma estrutura anat\u00f4mica que n\u00e3o foi criada para receber subst\u00e2ncias t\u00f3xicas. As vias respirat\u00f3rias suportam um calor no entorno de 70\u00b0. Uma tragada de cigarro, al\u00e9m de ter uma temperatura acima de 120\u00b0, leva consigo mais de 2.500 subst\u00e2ncias t\u00f3xicas ou cancer\u00edgenas. Com o decorrer dos anos, esse calor e essas subst\u00e2ncias v\u00e3o mudando as c\u00e9lulas do \u00f3rg\u00e3o gerando os mais variados tipos de c\u00e2ncer\u201d, comenta.&nbsp;<\/p>\n","protected":false},"excerpt":{"rendered":"<p>A Para\u00edba possui atualmente 468.596 fumantes, o que representa 11,5% da popula\u00e7\u00e3o, segundo estimativas do Instituto Brasileiro de Geografia e Estat\u00edstica (IBGE). De acordo com&hellip; <\/p>\n","protected":false},"author":1,"featured_media":91138,"comment_status":"closed","ping_status":"closed","sticky":false,"template":"","format":"standard","meta":{"sfsi_plus_gutenberg_text_before_share":"","sfsi_plus_gutenberg_show_text_before_share":"","sfsi_plus_gutenberg_icon_type":"","sfsi_plus_gutenberg_icon_alignemt":"","sfsi_plus_gutenburg_max_per_row":"","footnotes":""},"categories":[2],"tags":[],"class_list":["post-97579","post","type-post","status-publish","format-standard","has-post-thumbnail","hentry","category-geral"],"_links":{"self":[{"href":"https:\/\/www.caririemacao.com\/1\/wp-json\/wp\/v2\/posts\/97579","targetHints":{"allow":["GET"]}}],"collection":[{"href":"https:\/\/www.caririemacao.com\/1\/wp-json\/wp\/v2\/posts"}],"about":[{"href":"https:\/\/www.caririemacao.com\/1\/wp-json\/wp\/v2\/types\/post"}],"author":[{"embeddable":true,"href":"https:\/\/www.caririemacao.com\/1\/wp-json\/wp\/v2\/users\/1"}],"replies":[{"embeddable":true,"href":"https:\/\/www.caririemacao.com\/1\/wp-json\/wp\/v2\/comments?post=97579"}],"version-history":[{"count":1,"href":"https:\/\/www.caririemacao.com\/1\/wp-json\/wp\/v2\/posts\/97579\/revisions"}],"predecessor-version":[{"id":97580,"href":"https:\/\/www.caririemacao.com\/1\/wp-json\/wp\/v2\/posts\/97579\/revisions\/97580"}],"wp:featuredmedia":[{"embeddable":true,"href":"https:\/\/www.caririemacao.com\/1\/wp-json\/wp\/v2\/media\/91138"}],"wp:attachment":[{"href":"https:\/\/www.caririemacao.com\/1\/wp-json\/wp\/v2\/media?parent=97579"}],"wp:term":[{"taxonomy":"category","embeddable":true,"href":"https:\/\/www.caririemacao.com\/1\/wp-json\/wp\/v2\/categories?post=97579"},{"taxonomy":"post_tag","embeddable":true,"href":"https:\/\/www.caririemacao.com\/1\/wp-json\/wp\/v2\/tags?post=97579"}],"curies":[{"name":"wp","href":"https:\/\/api.w.org\/{rel}","templated":true}]}}