{"id":97592,"date":"2019-05-31T17:45:33","date_gmt":"2019-05-31T20:45:33","guid":{"rendered":"http:\/\/www.caririemacao.com\/1\/?p=97592"},"modified":"2019-05-31T17:45:33","modified_gmt":"2019-05-31T20:45:33","slug":"conta-de-luz-deixara-de-ter-taxa-extra-em-junho-informa-aneel","status":"publish","type":"post","link":"https:\/\/www.caririemacao.com\/1\/2019\/05\/31\/conta-de-luz-deixara-de-ter-taxa-extra-em-junho-informa-aneel\/","title":{"rendered":"Conta de luz deixar\u00e1 de ter taxa extra em junho, informa Aneel"},"content":{"rendered":"\n<p>A Ag\u00eancia Nacional de Energia El\u00e9trica (<a href=\"https:\/\/g1.globo.com\/tudo-sobre\/aneel\/\">Aneel<\/a>) informou nesta sexta-feira (31) que a conta de luz deixar\u00e1 de ter cobran\u00e7a extra em junho.<\/p>\n\n\n\n<figure class=\"wp-block-image\"><img decoding=\"async\" data-src=\"http:\/\/paraiba.com.br\/site\/wp-content\/uploads\/2019\/05\/Energisa.jpg\" alt=\"\" class=\"wp-image-357655 lazyload\" src=\"data:image\/svg+xml;base64,PHN2ZyB3aWR0aD0iMSIgaGVpZ2h0PSIxIiB4bWxucz0iaHR0cDovL3d3dy53My5vcmcvMjAwMC9zdmciPjwvc3ZnPg==\" \/><\/figure>\n\n\n\n<p>A bandeira tarif\u00e1ria de maio&nbsp;<a href=\"https:\/\/g1.globo.com\/economia\/noticia\/2019\/04\/26\/conta-de-luz-tera-cobranca-extra-em-maio-informa-aneel.ghtml\">est\u00e1 na cor amarela<\/a>, cuja cobran\u00e7a extra \u00e9 de R$ 1,50 a cada 100 quilowatts\/hora consumidos, e passar\u00e1 para a cor verde, sem taxa adicional.<\/p>\n\n\n\n<p>Segundo a Aneel, as chuvas em maio superaram as expectativas, mantendo o n\u00edvel dos reservat\u00f3rios das usinas hidrel\u00e9tricas.<\/p>\n\n\n\n<figure class=\"wp-block-image\"><img decoding=\"async\" data-src=\"http:\/\/paraiba.com.br\/site\/wp-content\/uploads\/2019\/05\/image-3.jpeg\" alt=\"\" class=\"wp-image-357654 lazyload\" src=\"data:image\/svg+xml;base64,PHN2ZyB3aWR0aD0iMSIgaGVpZ2h0PSIxIiB4bWxucz0iaHR0cDovL3d3dy53My5vcmcvMjAwMC9zdmciPjwvc3ZnPg==\" \/><\/figure>\n\n\n\n<figure class=\"wp-block-image\"><img decoding=\"async\" data-src=\"https:\/\/s2.glbimg.com\/wfKm3Kqku9F7wqBQscB6B8VFhyE=\/0x0:1600x1337\/984x0\/smart\/filters:strip_icc()\/i.s3.glbimg.com\/v1\/AUTH_59edd422c0c84a879bd37670ae4f538a\/internal_photos\/bs\/2019\/r\/v\/74MFSbQKu4y8tfZ2pZWg\/entenda-as-bandeiras-tarifarias.jpg\" alt=\"Entenda as bandeiras tarif\u00e1rias \u2014 Foto: Arte\/G1\" src=\"data:image\/svg+xml;base64,PHN2ZyB3aWR0aD0iMSIgaGVpZ2h0PSIxIiB4bWxucz0iaHR0cDovL3d3dy53My5vcmcvMjAwMC9zdmciPjwvc3ZnPg==\" class=\"lazyload\" \/><\/figure>\n\n\n\n<p>Entenda as bandeiras tarif\u00e1rias \u2014 Foto: Arte\/G1<\/p>\n\n\n\n<h2 class=\"wp-block-heading\">Sistema de bandeiras<\/h2>\n\n\n\n<p>Criado pela Aneel, o&nbsp;<a href=\"https:\/\/g1.globo.com\/economia\/noticia\/2019\/05\/21\/aneel-reajuste-valor-das-bandeiras-tarifarias-maior-alta-foi-de-50percent-na-bandeira-amarela.ghtml\">sistema de bandeiras tarif\u00e1rias<\/a>&nbsp;sinaliza o custo da energia gerada, possibilitando \u00e0 popula\u00e7\u00e3o reduzir o consumo quando a energia est\u00e1 mais cara.<\/p>\n\n\n\n<p>O funcionamento das bandeiras tarif\u00e1rias funciona nas cores verde, amarela ou vermelha (patamares 1 e 2).<\/p>\n\n\n\n<p>A bandeira indica se a energia custar\u00e1 mais ou menos em fun\u00e7\u00e3o das condi\u00e7\u00f5es de gera\u00e7\u00e3o.<\/p>\n\n\n\n<h2 class=\"wp-block-heading\">Reajuste<\/h2>\n\n\n\n<p>Os valores das bandeiras tarif\u00e1rias ser\u00e3o reajustados a partir de 1\u00ba de junho.<\/p>\n\n\n\n<p>Pela decis\u00e3o do governo:<\/p>\n\n\n\n<ul class=\"wp-block-list\"><li><strong>na cor verde:<\/strong>&nbsp;permanece sem cobran\u00e7a extra na conta;<\/li><li><strong>na cor amarela:<\/strong>&nbsp;a taxa extra passar\u00e1 de R$ 1,00 para R$ 1,50 a cada 100 kWh consumidos;<\/li><li><strong>na cor vermelha patamar 1:<\/strong>&nbsp;a taxa extra passar\u00e1 de R$ 3,00 para R$ 4,00 a cada 100 kWh consumidos;<\/li><li><strong>na cor vermelha patamar 2:<\/strong>&nbsp;a taxa extra passar\u00e1 de R$ 5,00 para R$ 6,00 a cada 100 kWh consumidos.<\/li><\/ul>\n\n\n\n<p>Segundo o diretor-geral da Aneel, Andr\u00e9 Pepitone, o reajuste evitar\u00e1 que a conta da bandeira tarif\u00e1ria fique deficit\u00e1ria em 2019.<\/p>\n\n\n\n<p>Em 2017, a conta da bandeira fechou com d\u00e9ficit de R$ 4,4 bilh\u00f5es e, em 2018, de R$ 500 milh\u00f5es.<br><\/p>\n\n\n\n<p><br><strong>G1<\/strong><\/p>\n","protected":false},"excerpt":{"rendered":"<p>A Ag\u00eancia Nacional de Energia El\u00e9trica (Aneel) informou nesta sexta-feira (31) que a conta de luz deixar\u00e1 de ter cobran\u00e7a extra em junho. A bandeira&hellip; <\/p>\n","protected":false},"author":1,"featured_media":69045,"comment_status":"closed","ping_status":"closed","sticky":false,"template":"","format":"standard","meta":{"sfsi_plus_gutenberg_text_before_share":"","sfsi_plus_gutenberg_show_text_before_share":"","sfsi_plus_gutenberg_icon_type":"","sfsi_plus_gutenberg_icon_alignemt":"","sfsi_plus_gutenburg_max_per_row":"","footnotes":""},"categories":[2],"tags":[],"class_list":["post-97592","post","type-post","status-publish","format-standard","has-post-thumbnail","hentry","category-geral"],"_links":{"self":[{"href":"https:\/\/www.caririemacao.com\/1\/wp-json\/wp\/v2\/posts\/97592","targetHints":{"allow":["GET"]}}],"collection":[{"href":"https:\/\/www.caririemacao.com\/1\/wp-json\/wp\/v2\/posts"}],"about":[{"href":"https:\/\/www.caririemacao.com\/1\/wp-json\/wp\/v2\/types\/post"}],"author":[{"embeddable":true,"href":"https:\/\/www.caririemacao.com\/1\/wp-json\/wp\/v2\/users\/1"}],"replies":[{"embeddable":true,"href":"https:\/\/www.caririemacao.com\/1\/wp-json\/wp\/v2\/comments?post=97592"}],"version-history":[{"count":1,"href":"https:\/\/www.caririemacao.com\/1\/wp-json\/wp\/v2\/posts\/97592\/revisions"}],"predecessor-version":[{"id":97593,"href":"https:\/\/www.caririemacao.com\/1\/wp-json\/wp\/v2\/posts\/97592\/revisions\/97593"}],"wp:featuredmedia":[{"embeddable":true,"href":"https:\/\/www.caririemacao.com\/1\/wp-json\/wp\/v2\/media\/69045"}],"wp:attachment":[{"href":"https:\/\/www.caririemacao.com\/1\/wp-json\/wp\/v2\/media?parent=97592"}],"wp:term":[{"taxonomy":"category","embeddable":true,"href":"https:\/\/www.caririemacao.com\/1\/wp-json\/wp\/v2\/categories?post=97592"},{"taxonomy":"post_tag","embeddable":true,"href":"https:\/\/www.caririemacao.com\/1\/wp-json\/wp\/v2\/tags?post=97592"}],"curies":[{"name":"wp","href":"https:\/\/api.w.org\/{rel}","templated":true}]}}