{"id":97667,"date":"2019-06-01T10:05:27","date_gmt":"2019-06-01T13:05:27","guid":{"rendered":"http:\/\/www.caririemacao.com\/1\/?p=97667"},"modified":"2019-06-01T10:05:27","modified_gmt":"2019-06-01T13:05:27","slug":"novas-regras-para-concurso-publico-entram-em-vigor-neste-sabado","status":"publish","type":"post","link":"https:\/\/www.caririemacao.com\/1\/2019\/06\/01\/novas-regras-para-concurso-publico-entram-em-vigor-neste-sabado\/","title":{"rendered":"Novas regras para concurso p\u00fablico entram em vigor neste s\u00e1bado"},"content":{"rendered":"\n<p>Entra em vigor neste s\u00e1bado , o decreto presidencial n\u00b0 9.739, de 28 de mar\u00e7o de 2019, que alterou as regras para solicita\u00e7\u00f5es e autoriza\u00e7\u00f5es de concursos p\u00fablicos federais.&nbsp;<\/p>\n\n\n\n<p>Segundo o governo, o objetivo seria \u201cmaior rigor na autoriza\u00e7\u00e3o de concurso p\u00fablico e na autoriza\u00e7\u00e3o de nomea\u00e7\u00e3o de aprovados\u201d. E, diminuir os gastos com pessoal considerados &#8220;desnecess\u00e1rios e substitu\u00edveis&#8221;.<br><\/p>\n\n\n\n<p><strong>Confira algumas regras<\/strong><\/p>\n\n\n\n<ul class=\"wp-block-list\"><li>Os \u00f3rg\u00e3os federais que quiserem abrir um concurso dever\u00e3o justificar ao Minist\u00e9rio da Economia a necessidade de abertura de novas sele\u00e7\u00f5es mediante a aprova\u00e7\u00e3o em 14 crit\u00e9rios.<\/li><li>As novas regras n\u00e3o s\u00e3o v\u00e1lidas para o poder Lesgislativo e Judici\u00e1rio, para a Procuradoria e Diplomacia e para Pol\u00edcia Federal.<\/li><li>A medida tamb\u00e9m estabelece que os concursos n\u00e3o ter\u00e3o prazo de validade maior que dois anos, salvo exce\u00e7\u00e3o em edital, n\u00e3o sendo permitida a prorroga\u00e7\u00e3o.<\/li><li>Os editais dos concursos precisar\u00e3o ser publicados integralmente no Di\u00e1rio Oficial com anteced\u00eancia m\u00ednima de quatro meses e conter o n\u00famero de vagas necess\u00e1rio.<\/li><li>O cadastro de reserva dever\u00e1 ser limitado a 25% do total de vagas original. Antes era permitido 50%.<\/li><li>Tamb\u00e9m estar\u00e1 mais claro o perfil dos candidatos necess\u00e1rio para as atividades.<\/li><\/ul>\n","protected":false},"excerpt":{"rendered":"<p>Entra em vigor neste s\u00e1bado , o decreto presidencial n\u00b0 9.739, de 28 de mar\u00e7o de 2019, que alterou as regras para solicita\u00e7\u00f5es e autoriza\u00e7\u00f5es&hellip; <\/p>\n","protected":false},"author":1,"featured_media":97668,"comment_status":"closed","ping_status":"closed","sticky":false,"template":"","format":"standard","meta":{"sfsi_plus_gutenberg_text_before_share":"","sfsi_plus_gutenberg_show_text_before_share":"","sfsi_plus_gutenberg_icon_type":"","sfsi_plus_gutenberg_icon_alignemt":"","sfsi_plus_gutenburg_max_per_row":"","footnotes":""},"categories":[2],"tags":[],"class_list":["post-97667","post","type-post","status-publish","format-standard","has-post-thumbnail","hentry","category-geral"],"_links":{"self":[{"href":"https:\/\/www.caririemacao.com\/1\/wp-json\/wp\/v2\/posts\/97667","targetHints":{"allow":["GET"]}}],"collection":[{"href":"https:\/\/www.caririemacao.com\/1\/wp-json\/wp\/v2\/posts"}],"about":[{"href":"https:\/\/www.caririemacao.com\/1\/wp-json\/wp\/v2\/types\/post"}],"author":[{"embeddable":true,"href":"https:\/\/www.caririemacao.com\/1\/wp-json\/wp\/v2\/users\/1"}],"replies":[{"embeddable":true,"href":"https:\/\/www.caririemacao.com\/1\/wp-json\/wp\/v2\/comments?post=97667"}],"version-history":[{"count":1,"href":"https:\/\/www.caririemacao.com\/1\/wp-json\/wp\/v2\/posts\/97667\/revisions"}],"predecessor-version":[{"id":97669,"href":"https:\/\/www.caririemacao.com\/1\/wp-json\/wp\/v2\/posts\/97667\/revisions\/97669"}],"wp:featuredmedia":[{"embeddable":true,"href":"https:\/\/www.caririemacao.com\/1\/wp-json\/wp\/v2\/media\/97668"}],"wp:attachment":[{"href":"https:\/\/www.caririemacao.com\/1\/wp-json\/wp\/v2\/media?parent=97667"}],"wp:term":[{"taxonomy":"category","embeddable":true,"href":"https:\/\/www.caririemacao.com\/1\/wp-json\/wp\/v2\/categories?post=97667"},{"taxonomy":"post_tag","embeddable":true,"href":"https:\/\/www.caririemacao.com\/1\/wp-json\/wp\/v2\/tags?post=97667"}],"curies":[{"name":"wp","href":"https:\/\/api.w.org\/{rel}","templated":true}]}}