{"id":97670,"date":"2019-06-01T10:09:55","date_gmt":"2019-06-01T13:09:55","guid":{"rendered":"http:\/\/www.caririemacao.com\/1\/?p=97670"},"modified":"2019-06-01T10:09:55","modified_gmt":"2019-06-01T13:09:55","slug":"divulgado-resultado-das-solicitacoes-de-isencao-da-taxa-de-inscricao-do-concurso-para-professor","status":"publish","type":"post","link":"https:\/\/www.caririemacao.com\/1\/2019\/06\/01\/divulgado-resultado-das-solicitacoes-de-isencao-da-taxa-de-inscricao-do-concurso-para-professor\/","title":{"rendered":"Divulgado resultado das solicita\u00e7\u00f5es de isen\u00e7\u00e3o da taxa de inscri\u00e7\u00e3o do concurso para professor"},"content":{"rendered":"\n<p>O Governo do Estado publicou neste s\u00e1bado (1\u00ba), o resultado&nbsp;dos Deferimentos&nbsp;e Indeferimentos das solicita\u00e7\u00f5es de Isen\u00e7\u00e3o da Taxa de Inscri\u00e7\u00e3o P\u00f3s-recurso,do concurso p\u00fablico para professor. O resultado foi publicado no Di\u00e1rio Oficial.<\/p>\n\n\n\n<p><a href=\"https:\/\/www.clickpb.com.br\/media\/filer_public\/22\/e5\/22e505c0-042e-4e9b-a316-bafd270bb597\/diario_oficial_01-06-2019_total.pdf\">Confira o resultado a partir da p\u00e1gina 6<\/a><\/p>\n\n\n\n<p>De acordo com a publica\u00e7\u00e3o ficam deferidas&nbsp;as solicita\u00e7\u00f5es de isen\u00e7\u00e3o da taxa de inscri\u00e7\u00e3o dos candidatos relacionados no anexo I&nbsp;do edital e indeferidas no anexo II.&nbsp;<\/p>\n\n\n\n<p>Os candidatos que impetraram recurso contra o indeferimento de sua solicita\u00e7\u00e3o de Isen\u00e7\u00e3o da Taxa de Inscri\u00e7\u00e3o poder\u00e3o consultar a resposta do recurso no endere\u00e7o eletr\u00f4nico da AOCP&nbsp;atrav\u00e9s do link: Consultar resposta.<\/p>\n\n\n\n<p>As respostas aos recursos interpostos pelos candidatos estar\u00e3o dispon\u00edveis no endere\u00e7o eletr\u00f4nico<a href=\"http:\/\/www.institutoaocp.org.brpor\/\">www.institutoaocp.org.brpor<\/a>&nbsp;10 (dez) dias, a contar da data de publica\u00e7\u00e3o.<\/p>\n","protected":false},"excerpt":{"rendered":"<p>O Governo do Estado publicou neste s\u00e1bado (1\u00ba), o resultado&nbsp;dos Deferimentos&nbsp;e Indeferimentos das solicita\u00e7\u00f5es de Isen\u00e7\u00e3o da Taxa de Inscri\u00e7\u00e3o P\u00f3s-recurso,do concurso p\u00fablico para professor.&hellip; <\/p>\n","protected":false},"author":1,"featured_media":97668,"comment_status":"closed","ping_status":"closed","sticky":false,"template":"","format":"standard","meta":{"sfsi_plus_gutenberg_text_before_share":"","sfsi_plus_gutenberg_show_text_before_share":"","sfsi_plus_gutenberg_icon_type":"","sfsi_plus_gutenberg_icon_alignemt":"","sfsi_plus_gutenburg_max_per_row":"","footnotes":""},"categories":[14],"tags":[],"class_list":["post-97670","post","type-post","status-publish","format-standard","has-post-thumbnail","hentry","category-educacao"],"_links":{"self":[{"href":"https:\/\/www.caririemacao.com\/1\/wp-json\/wp\/v2\/posts\/97670","targetHints":{"allow":["GET"]}}],"collection":[{"href":"https:\/\/www.caririemacao.com\/1\/wp-json\/wp\/v2\/posts"}],"about":[{"href":"https:\/\/www.caririemacao.com\/1\/wp-json\/wp\/v2\/types\/post"}],"author":[{"embeddable":true,"href":"https:\/\/www.caririemacao.com\/1\/wp-json\/wp\/v2\/users\/1"}],"replies":[{"embeddable":true,"href":"https:\/\/www.caririemacao.com\/1\/wp-json\/wp\/v2\/comments?post=97670"}],"version-history":[{"count":1,"href":"https:\/\/www.caririemacao.com\/1\/wp-json\/wp\/v2\/posts\/97670\/revisions"}],"predecessor-version":[{"id":97672,"href":"https:\/\/www.caririemacao.com\/1\/wp-json\/wp\/v2\/posts\/97670\/revisions\/97672"}],"wp:featuredmedia":[{"embeddable":true,"href":"https:\/\/www.caririemacao.com\/1\/wp-json\/wp\/v2\/media\/97668"}],"wp:attachment":[{"href":"https:\/\/www.caririemacao.com\/1\/wp-json\/wp\/v2\/media?parent=97670"}],"wp:term":[{"taxonomy":"category","embeddable":true,"href":"https:\/\/www.caririemacao.com\/1\/wp-json\/wp\/v2\/categories?post=97670"},{"taxonomy":"post_tag","embeddable":true,"href":"https:\/\/www.caririemacao.com\/1\/wp-json\/wp\/v2\/tags?post=97670"}],"curies":[{"name":"wp","href":"https:\/\/api.w.org\/{rel}","templated":true}]}}