{"id":97697,"date":"2019-06-01T11:09:54","date_gmt":"2019-06-01T14:09:54","guid":{"rendered":"http:\/\/www.caririemacao.com\/1\/?p=97697"},"modified":"2019-06-01T11:09:54","modified_gmt":"2019-06-01T14:09:54","slug":"secretaria-de-agricultura-de-monteiro-realiza-servicos-em-estradas-silagem-reposicao-de-lampadas-e-conserto-de-bombas","status":"publish","type":"post","link":"https:\/\/www.caririemacao.com\/1\/2019\/06\/01\/secretaria-de-agricultura-de-monteiro-realiza-servicos-em-estradas-silagem-reposicao-de-lampadas-e-conserto-de-bombas\/","title":{"rendered":"Secretaria de agricultura de Monteiro realiza servi\u00e7os em estradas, silagem, reposi\u00e7\u00e3o de l\u00e2mpadas e conserto de bombas"},"content":{"rendered":"\n<p>A Secretaria de agricultura de Monteiro continua prestando servi\u00e7os na zona rural, em diversas comunidades.<br>Neste final de semana, o secret\u00e1rio Alfredo Viana determinou a realiza\u00e7\u00e3o das melhorias na estrada principal do Jabitac\u00e1.<br><strong>SILAGEM<\/strong><strong><br><\/strong><\/p>\n\n\n\n<figure class=\"wp-block-image\"><a href=\"https:\/\/1.bp.blogspot.com\/-p70mn6J_uqU\/XPJpx5jjnLI\/AAAAAAAAFuE\/unWE2hjF88s6uFqaP_Vzyem6i-wpxYxJACLcBGAs\/s1600\/silagem2.jpg\"><img decoding=\"async\" data-src=\"https:\/\/1.bp.blogspot.com\/-p70mn6J_uqU\/XPJpx5jjnLI\/AAAAAAAAFuE\/unWE2hjF88s6uFqaP_Vzyem6i-wpxYxJACLcBGAs\/s280\/silagem2.jpg\" alt=\"\" src=\"data:image\/svg+xml;base64,PHN2ZyB3aWR0aD0iMSIgaGVpZ2h0PSIxIiB4bWxucz0iaHR0cDovL3d3dy53My5vcmcvMjAwMC9zdmciPjwvc3ZnPg==\" class=\"lazyload\" \/><\/a><\/figure>\n\n\n\n<figure class=\"wp-block-image\"><a href=\"https:\/\/1.bp.blogspot.com\/-V0Fz90gNM_c\/XPJpx3bw7CI\/AAAAAAAAFuI\/LBidNwrMhP8im1MoSzScvhr6CmkW5wZcACLcBGAs\/s1600\/silagem.jpg\"><img decoding=\"async\" data-src=\"https:\/\/1.bp.blogspot.com\/-V0Fz90gNM_c\/XPJpx3bw7CI\/AAAAAAAAFuI\/LBidNwrMhP8im1MoSzScvhr6CmkW5wZcACLcBGAs\/s280\/silagem.jpg\" alt=\"\" src=\"data:image\/svg+xml;base64,PHN2ZyB3aWR0aD0iMSIgaGVpZ2h0PSIxIiB4bWxucz0iaHR0cDovL3d3dy53My5vcmcvMjAwMC9zdmciPjwvc3ZnPg==\" class=\"lazyload\" \/><\/a><\/figure>\n\n\n\n<p><strong><br><\/strong><strong><br><\/strong>No s\u00edtio Picos, na propriedade de Marcones, foi feita a silagem de 2 quartos e meio de milho, silagem pronta nesta quinta feira. Al\u00e9m disso, a ensiladeira tamb\u00e9m prestou outros atendimentos na comunidade do Jabitac\u00e1.<br><strong>REPOSI\u00c7\u00c3O DE LAMPADAS<\/strong><strong><br><\/strong><\/p>\n\n\n\n<figure class=\"wp-block-image\"><a href=\"https:\/\/1.bp.blogspot.com\/-NXCz3VO-HGU\/XPJp8JBQvKI\/AAAAAAAAFuM\/c6C2929xKKM2xn9Ek7gSYcr7RTWxA8VmACLcBGAs\/s1600\/troca%2Bdelampadas.jpg\"><img decoding=\"async\" data-src=\"https:\/\/1.bp.blogspot.com\/-NXCz3VO-HGU\/XPJp8JBQvKI\/AAAAAAAAFuM\/c6C2929xKKM2xn9Ek7gSYcr7RTWxA8VmACLcBGAs\/s320\/troca%2Bdelampadas.jpg\" alt=\"\" src=\"data:image\/svg+xml;base64,PHN2ZyB3aWR0aD0iMSIgaGVpZ2h0PSIxIiB4bWxucz0iaHR0cDovL3d3dy53My5vcmcvMjAwMC9zdmciPjwvc3ZnPg==\" class=\"lazyload\" \/><\/a><\/figure>\n\n\n\n<p><strong><br><\/strong><strong><br><\/strong>Tamb\u00e9m foi realizada troca de l\u00e2mpadas da regi\u00e3o da Pitombeira nos arredores da resid\u00eancia de Jo\u00e3o de Nen\u00ea, que elogiou os servi\u00e7os prestados.<br>\u201cA secretaria e a prefeita Lorena est\u00e3o de parab\u00e9ns pelo atendimento aos nossos pedidos\u201d, disse.<br>Tamb\u00e9m foram feitas nesta sexta reposi\u00e7\u00f5es de l\u00e2mpadas na regi\u00e3o de Santa Catarina.<br>Esta semana foram feitas reposi\u00e7\u00f5es de l\u00e2mpadas completas nas comunidades de Po\u00e7o de Baixo, Cacimbinha e Bom Jesus, al\u00e9m de Cupiras.<br><strong>CONSERTO DE BOMBAS<\/strong><strong><br><\/strong>Tamb\u00e9m foram realizados os concertos de bombas, esta semana, nas comunidades do Serrote e do Garapa.<br><strong>F\u00c1BIO BRITO<\/strong><\/p>\n","protected":false},"excerpt":{"rendered":"<p>A Secretaria de agricultura de Monteiro continua prestando servi\u00e7os na zona rural, em diversas comunidades.Neste final de semana, o secret\u00e1rio Alfredo Viana determinou a realiza\u00e7\u00e3o&hellip; <\/p>\n","protected":false},"author":1,"featured_media":97698,"comment_status":"closed","ping_status":"closed","sticky":false,"template":"","format":"standard","meta":{"sfsi_plus_gutenberg_text_before_share":"","sfsi_plus_gutenberg_show_text_before_share":"","sfsi_plus_gutenberg_icon_type":"","sfsi_plus_gutenberg_icon_alignemt":"","sfsi_plus_gutenburg_max_per_row":"","footnotes":""},"categories":[6,50],"tags":[],"class_list":["post-97697","post","type-post","status-publish","format-standard","has-post-thumbnail","hentry","category-cidades","category-destaque"],"_links":{"self":[{"href":"https:\/\/www.caririemacao.com\/1\/wp-json\/wp\/v2\/posts\/97697","targetHints":{"allow":["GET"]}}],"collection":[{"href":"https:\/\/www.caririemacao.com\/1\/wp-json\/wp\/v2\/posts"}],"about":[{"href":"https:\/\/www.caririemacao.com\/1\/wp-json\/wp\/v2\/types\/post"}],"author":[{"embeddable":true,"href":"https:\/\/www.caririemacao.com\/1\/wp-json\/wp\/v2\/users\/1"}],"replies":[{"embeddable":true,"href":"https:\/\/www.caririemacao.com\/1\/wp-json\/wp\/v2\/comments?post=97697"}],"version-history":[{"count":1,"href":"https:\/\/www.caririemacao.com\/1\/wp-json\/wp\/v2\/posts\/97697\/revisions"}],"predecessor-version":[{"id":97699,"href":"https:\/\/www.caririemacao.com\/1\/wp-json\/wp\/v2\/posts\/97697\/revisions\/97699"}],"wp:featuredmedia":[{"embeddable":true,"href":"https:\/\/www.caririemacao.com\/1\/wp-json\/wp\/v2\/media\/97698"}],"wp:attachment":[{"href":"https:\/\/www.caririemacao.com\/1\/wp-json\/wp\/v2\/media?parent=97697"}],"wp:term":[{"taxonomy":"category","embeddable":true,"href":"https:\/\/www.caririemacao.com\/1\/wp-json\/wp\/v2\/categories?post=97697"},{"taxonomy":"post_tag","embeddable":true,"href":"https:\/\/www.caririemacao.com\/1\/wp-json\/wp\/v2\/tags?post=97697"}],"curies":[{"name":"wp","href":"https:\/\/api.w.org\/{rel}","templated":true}]}}