{"id":97999,"date":"2019-06-03T19:37:07","date_gmt":"2019-06-03T22:37:07","guid":{"rendered":"http:\/\/www.caririemacao.com\/1\/?p=97999"},"modified":"2019-06-03T19:37:07","modified_gmt":"2019-06-03T22:37:07","slug":"reducao-da-petrobras-no-preco-dos-combustiveis-nao-chega-as-bombas-e-sindipetro-culpa-distribuidoras","status":"publish","type":"post","link":"https:\/\/www.caririemacao.com\/1\/2019\/06\/03\/reducao-da-petrobras-no-preco-dos-combustiveis-nao-chega-as-bombas-e-sindipetro-culpa-distribuidoras\/","title":{"rendered":"Redu\u00e7\u00e3o da Petrobras no pre\u00e7o dos combust\u00edveis n\u00e3o chega \u00e0s bombas e Sindipetro culpa distribuidoras"},"content":{"rendered":"\n<p>Desde esse s\u00e1bado (1\u00ba) o pre\u00e7o m\u00e9dio dos combust\u00edveis nas refinarias est\u00e1 mais barato, mas o consumidor ainda n\u00e3o sentiu a redu\u00e7\u00e3o nas bombas, nos postos de combust\u00edveis. A Petrobras reduziu em 6% o valor m\u00e9dio do litro do diesel, que passou a ser vendido a R$ 2,1664, e o pre\u00e7o da gasolina caiu 7,16%, ficando em R$ 1,8144. Por\u00e9m o Sindipetro-PB alega que as distribuidoras n\u00e3o est\u00e3o repassando as redu\u00e7\u00f5es.&nbsp;<br><\/p>\n\n\n\n<p>&#8220;S\u00f3 quando as distribuidoras repassarem. Vamos aguardar o repasse das distribuidoras, que at\u00e9 agora, nada. Repassa na hora que ela bem entende e quanto ela bem entende. No meu, mesmo, s\u00f3 teve uma que s\u00f3 baixou dois centavos&#8221;, disse Omar Hamad, presidente do Sindimetro-PB.&nbsp;&nbsp;<\/p>\n\n\n\n<p>Na semana passada, tamb\u00e9m houve redu\u00e7\u00e3o no pre\u00e7o m\u00e9dio da gasolina, quando a Petrobras reduziu o valor do combust\u00edvel em 4,4%. O diesel n\u00e3o sofria mudan\u00e7as desde 3 de maio. A redu\u00e7\u00e3o do pre\u00e7o m\u00e9dio dos combust\u00edveis foi anunciada pelo presidente Jair Bolsonaro nas redes sociais. Em abril, governo se envolveu em uma pol\u00eamica depois que a Petrobras desistiu de aumentar o pre\u00e7o do diesel nas refinarias.<\/p>\n\n\n\n<p>A diretora do Procon da Para\u00edba, K\u00e9ssia Liliana, disse que o \u00f3rg\u00e3o vai monitorar os pre\u00e7os dos combust\u00edveis na Para\u00edba e para isso j\u00e1 est\u00e1 com duas equipes no interior do Estado e uma na Capital, mas ela afirmou que a redu\u00e7\u00e3o aplicada pela Petrobras s\u00f3 dever\u00e1 ser sentida pelo consumidor em aproximadamente 15 dias. J\u00e1 o levantamento de pre\u00e7os deve ser conclu\u00eddo na sexta-feira.&nbsp;<\/p>\n\n\n\n<p>&#8220;Os postos s\u00e3o os \u00fanicos fiscalizados, mas nem quando sobe, nem quando baixa vai para o posto&#8221;, reclamou o presidente do Sindipetro. Por\u00e9m, Omar admitiu que os propriet\u00e1rios de postos n\u00e3o fazem qualquer reclama\u00e7\u00e3o contra as distribuidoras. &#8220;Quando o Procon pede, a gente mostra que n\u00e3o teve a redu\u00e7\u00e3o conforme foi anunciado para as distribuidoras&#8221;.&nbsp;<\/p>\n","protected":false},"excerpt":{"rendered":"<p>Desde esse s\u00e1bado (1\u00ba) o pre\u00e7o m\u00e9dio dos combust\u00edveis nas refinarias est\u00e1 mais barato, mas o consumidor ainda n\u00e3o sentiu a redu\u00e7\u00e3o nas bombas, nos&hellip; <\/p>\n","protected":false},"author":1,"featured_media":98000,"comment_status":"closed","ping_status":"closed","sticky":false,"template":"","format":"standard","meta":{"sfsi_plus_gutenberg_text_before_share":"","sfsi_plus_gutenberg_show_text_before_share":"","sfsi_plus_gutenberg_icon_type":"","sfsi_plus_gutenberg_icon_alignemt":"","sfsi_plus_gutenburg_max_per_row":"","footnotes":""},"categories":[2],"tags":[],"class_list":["post-97999","post","type-post","status-publish","format-standard","has-post-thumbnail","hentry","category-geral"],"_links":{"self":[{"href":"https:\/\/www.caririemacao.com\/1\/wp-json\/wp\/v2\/posts\/97999","targetHints":{"allow":["GET"]}}],"collection":[{"href":"https:\/\/www.caririemacao.com\/1\/wp-json\/wp\/v2\/posts"}],"about":[{"href":"https:\/\/www.caririemacao.com\/1\/wp-json\/wp\/v2\/types\/post"}],"author":[{"embeddable":true,"href":"https:\/\/www.caririemacao.com\/1\/wp-json\/wp\/v2\/users\/1"}],"replies":[{"embeddable":true,"href":"https:\/\/www.caririemacao.com\/1\/wp-json\/wp\/v2\/comments?post=97999"}],"version-history":[{"count":1,"href":"https:\/\/www.caririemacao.com\/1\/wp-json\/wp\/v2\/posts\/97999\/revisions"}],"predecessor-version":[{"id":98001,"href":"https:\/\/www.caririemacao.com\/1\/wp-json\/wp\/v2\/posts\/97999\/revisions\/98001"}],"wp:featuredmedia":[{"embeddable":true,"href":"https:\/\/www.caririemacao.com\/1\/wp-json\/wp\/v2\/media\/98000"}],"wp:attachment":[{"href":"https:\/\/www.caririemacao.com\/1\/wp-json\/wp\/v2\/media?parent=97999"}],"wp:term":[{"taxonomy":"category","embeddable":true,"href":"https:\/\/www.caririemacao.com\/1\/wp-json\/wp\/v2\/categories?post=97999"},{"taxonomy":"post_tag","embeddable":true,"href":"https:\/\/www.caririemacao.com\/1\/wp-json\/wp\/v2\/tags?post=97999"}],"curies":[{"name":"wp","href":"https:\/\/api.w.org\/{rel}","templated":true}]}}