{"id":98026,"date":"2019-06-03T23:42:15","date_gmt":"2019-06-04T02:42:15","guid":{"rendered":"http:\/\/www.caririemacao.com\/1\/?p=98026"},"modified":"2019-06-03T23:46:55","modified_gmt":"2019-06-04T02:46:55","slug":"prefeitura-de-ouro-velho-entrega-novos-kits-com-fardamentos-e-protetor-solar-aos-agentes-de-saude","status":"publish","type":"post","link":"https:\/\/www.caririemacao.com\/1\/2019\/06\/03\/prefeitura-de-ouro-velho-entrega-novos-kits-com-fardamentos-e-protetor-solar-aos-agentes-de-saude\/","title":{"rendered":"Prefeitura de Ouro Velho entrega novos kits com fardamentos e protetor solar aos agentes de sa\u00fade"},"content":{"rendered":"\n<p>Numa a\u00e7\u00e3o que integra a pol\u00edtica de valoriza\u00e7\u00e3o dos profissionais da Sa\u00fade, implementada pela atual gest\u00e3o e que garante mais qualidade ao trabalho dos agentes de comunit\u00e1rios de sa\u00fade, e que visa promover mais qualidade ao servi\u00e7o ofertado \u00e0 popula\u00e7\u00e3o, foi realizada nesta segunda-feira, dia 03, a entrega de novos kits com fardamentos, repelentes e protetor solar para os agentes de comunit\u00e1rios de sa\u00fade de Ouro Velho.<\/p>\n\n\n\n<figure class=\"wp-block-image\"><img fetchpriority=\"high\" decoding=\"async\" width=\"1024\" height=\"769\" src=\"http:\/\/www.caririemacao.com\/1\/wp-content\/uploads\/2019\/06\/WhatsApp-Image-2019-06-03-at-16.59.40-1024x769.jpeg\" alt=\"\" class=\"wp-image-98028\" srcset=\"https:\/\/www.caririemacao.com\/1\/wp-content\/uploads\/2019\/06\/WhatsApp-Image-2019-06-03-at-16.59.40.jpeg 1024w, https:\/\/www.caririemacao.com\/1\/wp-content\/uploads\/2019\/06\/WhatsApp-Image-2019-06-03-at-16.59.40-300x225.jpeg 300w, https:\/\/www.caririemacao.com\/1\/wp-content\/uploads\/2019\/06\/WhatsApp-Image-2019-06-03-at-16.59.40-768x577.jpeg 768w\" sizes=\"(max-width: 1024px) 100vw, 1024px\" \/><\/figure>\n\n\n\n<p>Durante a entrega, a secret\u00e1ria de sa\u00fade, Liudmila Nunes, destacou a import\u00e2ncia dos novos itens entregues para a efetiva\u00e7\u00e3o do trabalho dos agentes na cidade. <\/p>\n\n\n\n<p>\u201cA Prefeitura de Ouro Velho, atrav\u00e9s da Secretaria de Sa\u00fade, reafirmando seu prop\u00f3sito de valoriza\u00e7\u00e3o dos profissionais de Sa\u00fade, adquiriu com muito esfor\u00e7o esses equipamentos. Os agentes de sa\u00fades trabalham em toda a cidade e t\u00eam sido fundamentais para garantir uma sa\u00fade de qualidade para toda popula\u00e7\u00e3o, atrav\u00e9s das visitas domiciliares para identifica\u00e7\u00e3o e tratamento de poss\u00edveis doen\u00e7as\u201d, disse a secret\u00e1rio de Sa\u00fade.<\/p>\n","protected":false},"excerpt":{"rendered":"<p>Numa a\u00e7\u00e3o que integra a pol\u00edtica de valoriza\u00e7\u00e3o dos profissionais da Sa\u00fade, implementada pela atual gest\u00e3o e que garante mais qualidade ao trabalho dos agentes&hellip; <\/p>\n","protected":false},"author":2,"featured_media":98027,"comment_status":"closed","ping_status":"closed","sticky":false,"template":"","format":"standard","meta":{"sfsi_plus_gutenberg_text_before_share":"","sfsi_plus_gutenberg_show_text_before_share":"","sfsi_plus_gutenberg_icon_type":"","sfsi_plus_gutenberg_icon_alignemt":"","sfsi_plus_gutenburg_max_per_row":"","footnotes":""},"categories":[6,50],"tags":[],"class_list":["post-98026","post","type-post","status-publish","format-standard","has-post-thumbnail","hentry","category-cidades","category-destaque"],"_links":{"self":[{"href":"https:\/\/www.caririemacao.com\/1\/wp-json\/wp\/v2\/posts\/98026","targetHints":{"allow":["GET"]}}],"collection":[{"href":"https:\/\/www.caririemacao.com\/1\/wp-json\/wp\/v2\/posts"}],"about":[{"href":"https:\/\/www.caririemacao.com\/1\/wp-json\/wp\/v2\/types\/post"}],"author":[{"embeddable":true,"href":"https:\/\/www.caririemacao.com\/1\/wp-json\/wp\/v2\/users\/2"}],"replies":[{"embeddable":true,"href":"https:\/\/www.caririemacao.com\/1\/wp-json\/wp\/v2\/comments?post=98026"}],"version-history":[{"count":2,"href":"https:\/\/www.caririemacao.com\/1\/wp-json\/wp\/v2\/posts\/98026\/revisions"}],"predecessor-version":[{"id":98030,"href":"https:\/\/www.caririemacao.com\/1\/wp-json\/wp\/v2\/posts\/98026\/revisions\/98030"}],"wp:featuredmedia":[{"embeddable":true,"href":"https:\/\/www.caririemacao.com\/1\/wp-json\/wp\/v2\/media\/98027"}],"wp:attachment":[{"href":"https:\/\/www.caririemacao.com\/1\/wp-json\/wp\/v2\/media?parent=98026"}],"wp:term":[{"taxonomy":"category","embeddable":true,"href":"https:\/\/www.caririemacao.com\/1\/wp-json\/wp\/v2\/categories?post=98026"},{"taxonomy":"post_tag","embeddable":true,"href":"https:\/\/www.caririemacao.com\/1\/wp-json\/wp\/v2\/tags?post=98026"}],"curies":[{"name":"wp","href":"https:\/\/api.w.org\/{rel}","templated":true}]}}