{"id":98031,"date":"2019-06-03T23:56:47","date_gmt":"2019-06-04T02:56:47","guid":{"rendered":"http:\/\/www.caririemacao.com\/1\/?p=98031"},"modified":"2019-06-03T23:56:47","modified_gmt":"2019-06-04T02:56:47","slug":"radialista-emanuel-alysson-emite-nota-de-desligamento-da-ind-fm","status":"publish","type":"post","link":"https:\/\/www.caririemacao.com\/1\/2019\/06\/03\/radialista-emanuel-alysson-emite-nota-de-desligamento-da-ind-fm\/","title":{"rendered":"Radialista Emanuel Alysson emite NOTA DE DESLIGAMENTO da Ind FM"},"content":{"rendered":"\n<p>O radialista\nserrabranquense Emanuel Alysson emitiu nesta segunda-feira, dia 03, uma nota de\ndesligamento da R\u00e1dio Ind FM onde passou v\u00e1rios anos prestando servi\u00e7os.<\/p>\n\n\n\n<p><strong>Confira\nabaixo a nota na integra:<\/strong><\/p>\n\n\n\n<p>Nunca imaginei que este momento chegaria t\u00e3o r\u00e1pido, apesar de\nv\u00e1rios anos j\u00e1 terem se passado, parece que foi ontem que recebi aquelas boas\nvindas t\u00e3o lindamente. Cada um de voc\u00eas marcou definitivamente a minha\nhist\u00f3ria, felizmente de forma muito positiva que com certeza levarei por toda a\nminha vida.<\/p>\n\n\n\n<p>Foram muitos momentos alegres, outros nem tanto, mas todos eles\ncontribu\u00edram imensamente para que eu crescesse profissionalmente e, sobretudo,\npessoalmente. Quero agradecer por cada segundo dispensado comigo, por cada\nsorriso, por cada bom dia e principalmente pelo conhecimento partilhado at\u00e9\nconseguir t\u00ea-lo entendido.<\/p>\n\n\n\n<p>Saio daqui com muito mais preparo e compet\u00eancia, mas o mais\nimportante de tudo foram os amigos que fiz a fam\u00edlia nova que descobri. Esta\ndespedia n\u00e3o significa um adeus, apenas o ultrapassar de mais uma etapa que\nespero que n\u00e3o afaste completamente as nossas vidas.<\/p>\n\n\n\n<p>Ao grupo JH de Comunica\u00e7\u00e3o quero deixar meus sinceros\nagradecimentos em especial aos deputados Jo\u00e3o Henrique e Edna Henrique pela\nconfian\u00e7a depositada no meu trabalho durante esses anos, aonde estabelecemos\nal\u00e9m de patr\u00e3o e empregado, um v\u00ednculo de uma amizade pura e verdadeira. Aos\nmeus companheiros e ex companheiros de trabalhos durante esse per\u00edodo, Edna\nAmorim, Eudo Nicolau, Adriano Ever, Fernanda Farias, L\u00edvia, Rosana Andrade,\nSuellen Farias, Alberto Shelington e Klebson Wanderley que passaram pela\nemissora e deixaram tamb\u00e9m suas sementes, aos \u00faltimos dias que passei ao lado\nde C Lima, Gerana Silva, Joao Ramos, Juliana Campos, Paulo, bem como minha\ngrande amiga Elita Vasconcelos meu sincero agradecimento. Pe\u00e7o que Deus aben\u00e7oe\na cada um de voc\u00eas em suas jornadas.<\/p>\n\n\n\n<p>Por fim claro agradecer a todos os meus ouvintes pela confian\u00e7a\ne credibilidade depositada em mim durante todos esses anos. Sendo sempre a voz\nde cada um de voc\u00eas! Que alegria poder abrir o microfone todos os dias e\nreceber as in\u00fameras mensagens de carinho e admira\u00e7\u00e3o todos os dias!<\/p>\n\n\n\n<p>Levarei cada um de voc\u00eas no meu cora\u00e7\u00e3o com uma gratid\u00e3o enorme\npela oportunidade e pela satisfa\u00e7\u00e3o proporcionada quando eu mais precisava. Que\no sucesso continue ao lado de cada um de voc\u00eas e a felicidade seja uma\ncompanheira ass\u00eddua, assim como foi minha, durante todo o per\u00edodo que trabalhei\ncom voc\u00eas.<\/p>\n\n\n\n<p>No entanto isso n\u00e3o \u00e9 um adeus, mais sim um at\u00e9 breve!<\/p>\n\n\n\n<p>A vida \u00e9 feita de desafios e grandes oportunidades e devemos\nvoar cada vez mais longe, sem medo de ser feliz!<\/p>\n\n\n\n<p>Um forte abra\u00e7o do seu amigo e de sua voz de sempre!<\/p>\n\n\n\n<p>Emanuel Alysson<\/p>\n","protected":false},"excerpt":{"rendered":"<p>O radialista serrabranquense Emanuel Alysson emitiu nesta segunda-feira, dia 03, uma nota de desligamento da R\u00e1dio Ind FM onde passou v\u00e1rios anos prestando servi\u00e7os. Confira&hellip; <\/p>\n","protected":false},"author":2,"featured_media":98032,"comment_status":"closed","ping_status":"closed","sticky":false,"template":"","format":"standard","meta":{"sfsi_plus_gutenberg_text_before_share":"","sfsi_plus_gutenberg_show_text_before_share":"","sfsi_plus_gutenberg_icon_type":"","sfsi_plus_gutenberg_icon_alignemt":"","sfsi_plus_gutenburg_max_per_row":"","footnotes":""},"categories":[50,2],"tags":[],"class_list":["post-98031","post","type-post","status-publish","format-standard","has-post-thumbnail","hentry","category-destaque","category-geral"],"_links":{"self":[{"href":"https:\/\/www.caririemacao.com\/1\/wp-json\/wp\/v2\/posts\/98031","targetHints":{"allow":["GET"]}}],"collection":[{"href":"https:\/\/www.caririemacao.com\/1\/wp-json\/wp\/v2\/posts"}],"about":[{"href":"https:\/\/www.caririemacao.com\/1\/wp-json\/wp\/v2\/types\/post"}],"author":[{"embeddable":true,"href":"https:\/\/www.caririemacao.com\/1\/wp-json\/wp\/v2\/users\/2"}],"replies":[{"embeddable":true,"href":"https:\/\/www.caririemacao.com\/1\/wp-json\/wp\/v2\/comments?post=98031"}],"version-history":[{"count":1,"href":"https:\/\/www.caririemacao.com\/1\/wp-json\/wp\/v2\/posts\/98031\/revisions"}],"predecessor-version":[{"id":98033,"href":"https:\/\/www.caririemacao.com\/1\/wp-json\/wp\/v2\/posts\/98031\/revisions\/98033"}],"wp:featuredmedia":[{"embeddable":true,"href":"https:\/\/www.caririemacao.com\/1\/wp-json\/wp\/v2\/media\/98032"}],"wp:attachment":[{"href":"https:\/\/www.caririemacao.com\/1\/wp-json\/wp\/v2\/media?parent=98031"}],"wp:term":[{"taxonomy":"category","embeddable":true,"href":"https:\/\/www.caririemacao.com\/1\/wp-json\/wp\/v2\/categories?post=98031"},{"taxonomy":"post_tag","embeddable":true,"href":"https:\/\/www.caririemacao.com\/1\/wp-json\/wp\/v2\/tags?post=98031"}],"curies":[{"name":"wp","href":"https:\/\/api.w.org\/{rel}","templated":true}]}}