{"id":98037,"date":"2019-06-04T06:37:00","date_gmt":"2019-06-04T09:37:00","guid":{"rendered":"http:\/\/www.caririemacao.com\/1\/?p=98037"},"modified":"2019-06-04T06:37:00","modified_gmt":"2019-06-04T09:37:00","slug":"vanguarda-e-inovacao-na-educacao-monteirense-chamam-a-atencao-na-paraiba","status":"publish","type":"post","link":"https:\/\/www.caririemacao.com\/1\/2019\/06\/04\/vanguarda-e-inovacao-na-educacao-monteirense-chamam-a-atencao-na-paraiba\/","title":{"rendered":"Vanguarda e Inova\u00e7\u00e3o na educa\u00e7\u00e3o monteirense chamam a aten\u00e7\u00e3o na Para\u00edba"},"content":{"rendered":"\n<p>Desde o ano de 2017 a educa\u00e7\u00e3o do munic\u00edpio de Monteiro vem passando por transforma\u00e7\u00f5es importantes que j\u00e1 mostram resultados expressivos.<\/p>\n\n\n\n<p>Seja no quesito eleva\u00e7\u00e3o das notas do IDEB, seja em rela\u00e7\u00e3o \u00e0 qualifica\u00e7\u00e3o dos profissionais, a Secretaria de Educa\u00e7\u00e3o v\u00eam desempenhando um papel de suma import\u00e2ncia para o reconhecimento de Monteiro.<\/p>\n\n\n\n<p>Na \u00faltima semana os monteirenses receberam a visita dos representantes dos munic\u00edpios de Sap\u00e9, regi\u00e3o da Mata Paraibana e de Cabaceiras, no Cariri; para conhecer as experi\u00eancias do JEPP \u2013 Jovens Empreendedores Primeiros Passos nas escolas. O encontro aconteceu na Escola Maria Lauric\u00e9ia Freitas, contemplada com o projeto neste ano, juntamente com a Escola Adalice Rem\u00edgio Gomes.<\/p>\n\n\n\n<p>Na ocasi\u00e3o a prefeita Anna Lorena e a secret\u00e1ria de educa\u00e7\u00e3o Ana Lima deram as boas vindas aos visitantes e externaram a satisfa\u00e7\u00e3o em servir de exemplo no que diz respeito \u00e0 Educa\u00e7\u00e3o Empreendedora para outros munic\u00edpios. O momento tamb\u00e9m contou com a presen\u00e7a da Gestora do Sebrae Monteiro, Madalena Arruda.<\/p>\n\n\n\n<p>Durante a estadia ainda foi apresentado um painel com as principais a\u00e7\u00f5es implementadas nas escolas, bem como, os impactos positivos gerados em toda comunidade. \u201cFoi uma manh\u00e3 de troca de experi\u00eancias e intera\u00e7\u00e3o entre os representantes de cada munic\u00edpio\u201d, conta a secret\u00e1ria da pasta, Ana Lima.<\/p>\n","protected":false},"excerpt":{"rendered":"<p>Desde o ano de 2017 a educa\u00e7\u00e3o do munic\u00edpio de Monteiro vem passando por transforma\u00e7\u00f5es importantes que j\u00e1 mostram resultados expressivos. Seja no quesito eleva\u00e7\u00e3o&hellip; <\/p>\n","protected":false},"author":1,"featured_media":98038,"comment_status":"closed","ping_status":"closed","sticky":false,"template":"","format":"standard","meta":{"sfsi_plus_gutenberg_text_before_share":"","sfsi_plus_gutenberg_show_text_before_share":"","sfsi_plus_gutenberg_icon_type":"","sfsi_plus_gutenberg_icon_alignemt":"","sfsi_plus_gutenburg_max_per_row":"","footnotes":""},"categories":[2],"tags":[],"class_list":["post-98037","post","type-post","status-publish","format-standard","has-post-thumbnail","hentry","category-geral"],"_links":{"self":[{"href":"https:\/\/www.caririemacao.com\/1\/wp-json\/wp\/v2\/posts\/98037","targetHints":{"allow":["GET"]}}],"collection":[{"href":"https:\/\/www.caririemacao.com\/1\/wp-json\/wp\/v2\/posts"}],"about":[{"href":"https:\/\/www.caririemacao.com\/1\/wp-json\/wp\/v2\/types\/post"}],"author":[{"embeddable":true,"href":"https:\/\/www.caririemacao.com\/1\/wp-json\/wp\/v2\/users\/1"}],"replies":[{"embeddable":true,"href":"https:\/\/www.caririemacao.com\/1\/wp-json\/wp\/v2\/comments?post=98037"}],"version-history":[{"count":1,"href":"https:\/\/www.caririemacao.com\/1\/wp-json\/wp\/v2\/posts\/98037\/revisions"}],"predecessor-version":[{"id":98039,"href":"https:\/\/www.caririemacao.com\/1\/wp-json\/wp\/v2\/posts\/98037\/revisions\/98039"}],"wp:featuredmedia":[{"embeddable":true,"href":"https:\/\/www.caririemacao.com\/1\/wp-json\/wp\/v2\/media\/98038"}],"wp:attachment":[{"href":"https:\/\/www.caririemacao.com\/1\/wp-json\/wp\/v2\/media?parent=98037"}],"wp:term":[{"taxonomy":"category","embeddable":true,"href":"https:\/\/www.caririemacao.com\/1\/wp-json\/wp\/v2\/categories?post=98037"},{"taxonomy":"post_tag","embeddable":true,"href":"https:\/\/www.caririemacao.com\/1\/wp-json\/wp\/v2\/tags?post=98037"}],"curies":[{"name":"wp","href":"https:\/\/api.w.org\/{rel}","templated":true}]}}