{"id":98109,"date":"2019-06-04T07:53:34","date_gmt":"2019-06-04T10:53:34","guid":{"rendered":"http:\/\/www.caririemacao.com\/1\/?p=98109"},"modified":"2019-06-04T07:53:34","modified_gmt":"2019-06-04T10:53:34","slug":"ufcg-abre-quatro-vagas-para-professores-substitutos-de-direito-e-de-medicina","status":"publish","type":"post","link":"https:\/\/www.caririemacao.com\/1\/2019\/06\/04\/ufcg-abre-quatro-vagas-para-professores-substitutos-de-direito-e-de-medicina\/","title":{"rendered":"UFCG abre quatro vagas para professores substitutos de Direito e de Medicina"},"content":{"rendered":"\n<p>A Universidade Federal de Campina Grande (UFCG) lan\u00e7ou dois editais para contrata\u00e7\u00e3o de quatro professores substitutos das \u00e1reas de Direito e de Medicina, dos campi de Sousa e Campina Grande, respectivamente.<\/p>\n\n\n\n<p>Campus Campina Grande<\/p>\n\n\n\n<p>O Centro de Ci\u00eancias Biol\u00f3gicas e da Sa\u00fade (CCBS) est\u00e1 ofertando uma vaga para professor de Medicina. O candidato deve possuir gradua\u00e7\u00e3o em Medicina e Especializa\u00e7\u00e3o, Resid\u00eancia ou T\u00edtulo de Especialista em Doen\u00e7as Infecciosas e Parasit\u00e1rias. A carga hor\u00e1ria \u00e9 de 20 horas semanais.<\/p>\n\n\n\n<p>As inscri\u00e7\u00f5es ser\u00e3o realizadas pessoalmente ou por procura\u00e7\u00e3o, com firma reconhecida, no per\u00edodo de 17 a 21 de junho, no Protocolo Geral da UFCG, localizado no pr\u00e9dio da Reitoria. N\u00e3o ser\u00e1 cobrada taxa de inscri\u00e7\u00e3o.<\/p>\n\n\n\n<p>Campus Sousa<\/p>\n\n\n\n<p>Para o Centro de Ci\u00eancias Jur\u00eddicas e Sociais (CCJS) est\u00e3o sendo ofertadas tr\u00eas vagas para candidatos com gradua\u00e7\u00e3o e especializa\u00e7\u00e3o em Direito. A carga hor\u00e1ria \u00e9 de 40 horas semanais.<\/p>\n\n\n\n<p>As inscri\u00e7\u00f5es tamb\u00e9m ser\u00e3o realizadas de 17 a 21 de junho, no Protocolo Setorial do CCJS, em Sousa, das 8h \u00e0s 12h e das 14h \u00e0s 17h. O valor da taxa de inscri\u00e7\u00e3o \u00e9 de R$ 75.<\/p>\n","protected":false},"excerpt":{"rendered":"<p>A Universidade Federal de Campina Grande (UFCG) lan\u00e7ou dois editais para contrata\u00e7\u00e3o de quatro professores substitutos das \u00e1reas de Direito e de Medicina, dos campi&hellip; <\/p>\n","protected":false},"author":1,"featured_media":46518,"comment_status":"closed","ping_status":"closed","sticky":false,"template":"","format":"standard","meta":{"sfsi_plus_gutenberg_text_before_share":"","sfsi_plus_gutenberg_show_text_before_share":"","sfsi_plus_gutenberg_icon_type":"","sfsi_plus_gutenberg_icon_alignemt":"","sfsi_plus_gutenburg_max_per_row":"","footnotes":""},"categories":[14],"tags":[],"class_list":["post-98109","post","type-post","status-publish","format-standard","has-post-thumbnail","hentry","category-educacao"],"_links":{"self":[{"href":"https:\/\/www.caririemacao.com\/1\/wp-json\/wp\/v2\/posts\/98109","targetHints":{"allow":["GET"]}}],"collection":[{"href":"https:\/\/www.caririemacao.com\/1\/wp-json\/wp\/v2\/posts"}],"about":[{"href":"https:\/\/www.caririemacao.com\/1\/wp-json\/wp\/v2\/types\/post"}],"author":[{"embeddable":true,"href":"https:\/\/www.caririemacao.com\/1\/wp-json\/wp\/v2\/users\/1"}],"replies":[{"embeddable":true,"href":"https:\/\/www.caririemacao.com\/1\/wp-json\/wp\/v2\/comments?post=98109"}],"version-history":[{"count":1,"href":"https:\/\/www.caririemacao.com\/1\/wp-json\/wp\/v2\/posts\/98109\/revisions"}],"predecessor-version":[{"id":98110,"href":"https:\/\/www.caririemacao.com\/1\/wp-json\/wp\/v2\/posts\/98109\/revisions\/98110"}],"wp:featuredmedia":[{"embeddable":true,"href":"https:\/\/www.caririemacao.com\/1\/wp-json\/wp\/v2\/media\/46518"}],"wp:attachment":[{"href":"https:\/\/www.caririemacao.com\/1\/wp-json\/wp\/v2\/media?parent=98109"}],"wp:term":[{"taxonomy":"category","embeddable":true,"href":"https:\/\/www.caririemacao.com\/1\/wp-json\/wp\/v2\/categories?post=98109"},{"taxonomy":"post_tag","embeddable":true,"href":"https:\/\/www.caririemacao.com\/1\/wp-json\/wp\/v2\/tags?post=98109"}],"curies":[{"name":"wp","href":"https:\/\/api.w.org\/{rel}","templated":true}]}}