{"id":98113,"date":"2019-06-04T07:56:40","date_gmt":"2019-06-04T10:56:40","guid":{"rendered":"http:\/\/www.caririemacao.com\/1\/?p=98113"},"modified":"2019-06-04T07:56:40","modified_gmt":"2019-06-04T10:56:40","slug":"julian-lemos-responde-rc-ele-e-a-propria-opressao-em-pessoa","status":"publish","type":"post","link":"https:\/\/www.caririemacao.com\/1\/2019\/06\/04\/julian-lemos-responde-rc-ele-e-a-propria-opressao-em-pessoa\/","title":{"rendered":"Julian Lemos responde RC: \u201cEle \u00e9 a pr\u00f3pria opress\u00e3o em pessoa\u201d"},"content":{"rendered":"\n<p>O deputado federal Julian Lemos (PSL) rebateu as afirma\u00e7\u00f5es de ex-governador Ricardo Coutinho (PSB) contra o governo do presidente Jair Bolsonaro (PSL) e classificou Ricardo como \u201ctirano, mentiroso, arrogante e opressor\u201d. Segundo Julian, as cr\u00edticas que Ricardo faz n\u00e3o se sustentam e diz que a esquerda faz uma oposi\u00e7\u00e3o \u201cinsana e desmoralizada\u201d ao governo Bolsonaro.<\/p>\n\n\n\n<p>Julian declarou ainda que Ricardo Coutinho \u00e9 corrupto e n\u00e3o pode classificar Bolsonaro da mesma forma.<\/p>\n\n\n\n<p>-N\u00e3o se sustenta as duas afirma\u00e7\u00f5es que ele chama o governo de Bolsonaro de homof\u00f3bico. Que base ele tem disso? Ele \u00e9 um homem da esquerda, um dos cabe\u00e7as dessa oposi\u00e7\u00e3o insana e desmoralizada. Ele \u00e9 a pr\u00f3pria personaliza\u00e7\u00e3o do governo opressor. Ricardo Vieira Coutinho \u00e9 a pr\u00f3pria opress\u00e3o em pessoa. Ricardo Coutinho \u00e9 um ex-governador tirano e demonstra em suas palavras a arrog\u00e2ncia de todo tirano. Ele \u00e9 mentiroso. Ricardo Coutinho \u00e9 um mentiroso e um leviano. Ele \u00e9 um malandrinho. Ele pode acusar Jair Bolsonaro de tudo, mas Jair Bolsonaro n\u00e3o \u00e9 corrupto como ele e como o governo dele aqui na Para\u00edba \u2013 disse.<\/p>\n\n\n\n<p>As informa\u00e7\u00f5es foram veiculadas na R\u00e1dio Correio FM.<\/p>\n","protected":false},"excerpt":{"rendered":"<p>O deputado federal Julian Lemos (PSL) rebateu as afirma\u00e7\u00f5es de ex-governador Ricardo Coutinho (PSB) contra o governo do presidente Jair Bolsonaro (PSL) e classificou Ricardo&hellip; <\/p>\n","protected":false},"author":1,"featured_media":98114,"comment_status":"closed","ping_status":"closed","sticky":false,"template":"","format":"standard","meta":{"sfsi_plus_gutenberg_text_before_share":"","sfsi_plus_gutenberg_show_text_before_share":"","sfsi_plus_gutenberg_icon_type":"","sfsi_plus_gutenberg_icon_alignemt":"","sfsi_plus_gutenburg_max_per_row":"","footnotes":""},"categories":[11],"tags":[],"class_list":["post-98113","post","type-post","status-publish","format-standard","has-post-thumbnail","hentry","category-politica"],"_links":{"self":[{"href":"https:\/\/www.caririemacao.com\/1\/wp-json\/wp\/v2\/posts\/98113","targetHints":{"allow":["GET"]}}],"collection":[{"href":"https:\/\/www.caririemacao.com\/1\/wp-json\/wp\/v2\/posts"}],"about":[{"href":"https:\/\/www.caririemacao.com\/1\/wp-json\/wp\/v2\/types\/post"}],"author":[{"embeddable":true,"href":"https:\/\/www.caririemacao.com\/1\/wp-json\/wp\/v2\/users\/1"}],"replies":[{"embeddable":true,"href":"https:\/\/www.caririemacao.com\/1\/wp-json\/wp\/v2\/comments?post=98113"}],"version-history":[{"count":1,"href":"https:\/\/www.caririemacao.com\/1\/wp-json\/wp\/v2\/posts\/98113\/revisions"}],"predecessor-version":[{"id":98115,"href":"https:\/\/www.caririemacao.com\/1\/wp-json\/wp\/v2\/posts\/98113\/revisions\/98115"}],"wp:featuredmedia":[{"embeddable":true,"href":"https:\/\/www.caririemacao.com\/1\/wp-json\/wp\/v2\/media\/98114"}],"wp:attachment":[{"href":"https:\/\/www.caririemacao.com\/1\/wp-json\/wp\/v2\/media?parent=98113"}],"wp:term":[{"taxonomy":"category","embeddable":true,"href":"https:\/\/www.caririemacao.com\/1\/wp-json\/wp\/v2\/categories?post=98113"},{"taxonomy":"post_tag","embeddable":true,"href":"https:\/\/www.caririemacao.com\/1\/wp-json\/wp\/v2\/tags?post=98113"}],"curies":[{"name":"wp","href":"https:\/\/api.w.org\/{rel}","templated":true}]}}