{"id":98121,"date":"2019-06-04T13:59:15","date_gmt":"2019-06-04T16:59:15","guid":{"rendered":"http:\/\/www.caririemacao.com\/1\/?p=98121"},"modified":"2019-06-04T13:59:15","modified_gmt":"2019-06-04T16:59:15","slug":"montagem-da-estrutura-do-sao-joao-de-monteiro-segue-em-ritmo-acelerado","status":"publish","type":"post","link":"https:\/\/www.caririemacao.com\/1\/2019\/06\/04\/montagem-da-estrutura-do-sao-joao-de-monteiro-segue-em-ritmo-acelerado\/","title":{"rendered":"Montagem da estrutura do S\u00e3o Jo\u00e3o de Monteiro segue em ritmo acelerado"},"content":{"rendered":"\n<p>Com um novo espa\u00e7o e uma \u00e1rea de quase 10 mil metros quadrados, come\u00e7ou a montagem da estrutura do S\u00e3o Jo\u00e3o de Monteiro 2019 \u2013 Uma Festa Cada Vez Melhor.<\/p>\n\n\n\n<p>A Pra\u00e7a de Eventos Zab\u00e9 da Loca, idealizada pela gest\u00e3o da prefeita Anna Lorena, receber\u00e1 96 camarotes, bares e barracas destinadas ao com\u00e9rcio de alimentos e bebidas, espa\u00e7o para servi\u00e7os de presta\u00e7\u00e3o de socorro como Samu, Bombeiros Civis e Pol\u00edcias Civil e Militar.&nbsp; A \u00e1rea fica localizada no entorno do A\u00e7ude, no centro da cidade.<\/p>\n\n\n\n<p>A prefeita Anna Lorena afirmou que a montagem do espa\u00e7o est\u00e1 sendo feita em ritmo acelerado, com todos os m\u00ednimos detalhes para abrilhantar cada vez mais a festa. Ela ainda explicou que o piso do local ser\u00e1 implantado com um material especial mont\u00e1vel e desmont\u00e1vel, para garantir o conforto e comodidade para que todos possam se divertir.<\/p>\n\n\n\n<p>A gestora ainda informou que um forte esquema de seguran\u00e7a est\u00e1 sendo preparado, que inclui uma central de monitoramento com c\u00e2meras por todo o per\u00edmetro da festa, al\u00e9m de um espa\u00e7o para estacionamento para melhor comodidade de turistas e monteirenses nas proximidades da Pra\u00e7a de Eventos.<\/p>\n\n\n\n<div class=\"wp-block-image\"><figure class=\"alignleft\"><img decoding=\"async\" data-src=\"https:\/\/i2.wp.com\/www.vitrinedocariri.com.br\/wp-content\/uploads\/2019\/06\/004-1.jpeg?zoom=2&amp;resize=330%2C247&amp;ssl=1\" alt=\"\" class=\"wp-image-45378 lazyload\" src=\"data:image\/svg+xml;base64,PHN2ZyB3aWR0aD0iMSIgaGVpZ2h0PSIxIiB4bWxucz0iaHR0cDovL3d3dy53My5vcmcvMjAwMC9zdmciPjwvc3ZnPg==\" \/><\/figure><\/div>\n\n\n\n<p>O S\u00e3o Jo\u00e3o de Monteiro \u2013 Uma Festa Cada Vez Melhor \u00e9 um evento gratuito idealizado e realizado pela administra\u00e7\u00e3o municipal e come\u00e7a no pr\u00f3ximo s\u00e1bado, 8 de junho com o Festival de Quadrilhas e prossegue at\u00e9 29 de Junho, reservando o per\u00edodo de 21 a 25 para as grandes atra\u00e7\u00f5es e de 21 a 29 o tradicional forr\u00f3 do S\u00edtio S\u00e3o Francisco.<\/p>\n\n\n\n<p><strong>Programa\u00e7\u00e3o<\/strong><\/p>\n\n\n\n<p><strong>21 de junho (sexta-feira)<\/strong><\/p>\n\n\n\n<p>Solange Almeida<br>S\u00e2mya Maia<br>Davi Louren\u00e7o<br>Marcelo Paiva &amp; Santiago<\/p>\n\n\n\n<p><strong>22 de junho (s\u00e1bado)<\/strong><\/p>\n\n\n\n<p>Jonas Esticado<br>Dejinha de Monteiro<br>Fabiana Souto<br>Forr\u00f3 +Eu<\/p>\n\n\n\n<p><strong>23 de junho (domingo)<\/strong><\/p>\n\n\n\n<p>Jorge de Altinho<br>Banda Encantu\u2019s<br>Matheus Fernandes<br>Neno \u2013 Magn\u00edfico<\/p>\n\n\n\n<p><strong>24 de junho (segunda-feira)<\/strong><\/p>\n\n\n\n<p>M\u00e1rcia Fellipe<br>Edson Lima<br>Niedson Lua<br>Adriano Silva<\/p>\n\n\n\n<p><strong>25 de junho (ter\u00e7a-feira)<\/strong><\/p>\n\n\n\n<p>Wesley Safad\u00e3o<br>Walkyria Santos<br>Fabiano Guimar\u00e3es<br>Xod\u00f3 do Cariri<\/p>\n","protected":false},"excerpt":{"rendered":"<p>Com um novo espa\u00e7o e uma \u00e1rea de quase 10 mil metros quadrados, come\u00e7ou a montagem da estrutura do S\u00e3o Jo\u00e3o de Monteiro 2019 \u2013&hellip; <\/p>\n","protected":false},"author":1,"featured_media":98122,"comment_status":"closed","ping_status":"closed","sticky":false,"template":"","format":"standard","meta":{"sfsi_plus_gutenberg_text_before_share":"","sfsi_plus_gutenberg_show_text_before_share":"","sfsi_plus_gutenberg_icon_type":"","sfsi_plus_gutenberg_icon_alignemt":"","sfsi_plus_gutenburg_max_per_row":"","footnotes":""},"categories":[50,2],"tags":[],"class_list":["post-98121","post","type-post","status-publish","format-standard","has-post-thumbnail","hentry","category-destaque","category-geral"],"_links":{"self":[{"href":"https:\/\/www.caririemacao.com\/1\/wp-json\/wp\/v2\/posts\/98121","targetHints":{"allow":["GET"]}}],"collection":[{"href":"https:\/\/www.caririemacao.com\/1\/wp-json\/wp\/v2\/posts"}],"about":[{"href":"https:\/\/www.caririemacao.com\/1\/wp-json\/wp\/v2\/types\/post"}],"author":[{"embeddable":true,"href":"https:\/\/www.caririemacao.com\/1\/wp-json\/wp\/v2\/users\/1"}],"replies":[{"embeddable":true,"href":"https:\/\/www.caririemacao.com\/1\/wp-json\/wp\/v2\/comments?post=98121"}],"version-history":[{"count":1,"href":"https:\/\/www.caririemacao.com\/1\/wp-json\/wp\/v2\/posts\/98121\/revisions"}],"predecessor-version":[{"id":98123,"href":"https:\/\/www.caririemacao.com\/1\/wp-json\/wp\/v2\/posts\/98121\/revisions\/98123"}],"wp:featuredmedia":[{"embeddable":true,"href":"https:\/\/www.caririemacao.com\/1\/wp-json\/wp\/v2\/media\/98122"}],"wp:attachment":[{"href":"https:\/\/www.caririemacao.com\/1\/wp-json\/wp\/v2\/media?parent=98121"}],"wp:term":[{"taxonomy":"category","embeddable":true,"href":"https:\/\/www.caririemacao.com\/1\/wp-json\/wp\/v2\/categories?post=98121"},{"taxonomy":"post_tag","embeddable":true,"href":"https:\/\/www.caririemacao.com\/1\/wp-json\/wp\/v2\/tags?post=98121"}],"curies":[{"name":"wp","href":"https:\/\/api.w.org\/{rel}","templated":true}]}}