{"id":98125,"date":"2019-06-04T14:02:00","date_gmt":"2019-06-04T17:02:00","guid":{"rendered":"http:\/\/www.caririemacao.com\/1\/?p=98125"},"modified":"2019-06-04T14:02:00","modified_gmt":"2019-06-04T17:02:00","slug":"cmdca-divulga-lista-de-aprovados-para-conselho-tutelar-em-ouro-velho-2","status":"publish","type":"post","link":"https:\/\/www.caririemacao.com\/1\/2019\/06\/04\/cmdca-divulga-lista-de-aprovados-para-conselho-tutelar-em-ouro-velho-2\/","title":{"rendered":"CMDCA divulga lista de aprovados para Conselho Tutelar em Ouro Velho"},"content":{"rendered":"\n<div class=\"wp-block-image\"><figure class=\"alignleft\"><img decoding=\"async\" data-src=\"https:\/\/i0.wp.com\/www.vitrinedocariri.com.br\/wp-content\/uploads\/2018\/04\/prefeitura-de-ouro-velho-pb-antecipa-salarios-2014.jpg?zoom=2&amp;resize=330%2C241&amp;ssl=1\" alt=\"\" class=\"wp-image-11870 lazyload\" src=\"data:image\/svg+xml;base64,PHN2ZyB3aWR0aD0iMSIgaGVpZ2h0PSIxIiB4bWxucz0iaHR0cDovL3d3dy53My5vcmcvMjAwMC9zdmciPjwvc3ZnPg==\" \/><\/figure><\/div>\n\n\n\n<p>A Comiss\u00e3o Eleitoral do processo eletivo do Conselho Tutelar divulga resultado da prova de conhecimento dos candidatos ao cargo de Conselheiros Tutelares do munic\u00edpio aptos a concorrerem ao pleito para o quadri\u00eanio 2020\/2023.<\/p>\n\n\n\n<p>A elei\u00e7\u00f5es \u00e9 de responsabilidade do Conselho Municipal dos Direitos da Crian\u00e7a e do Adolescente CMDCA de Ouro Velho.<\/p>\n\n\n\n<p><strong>Confira rela\u00e7\u00e3o:<\/strong><\/p>\n\n\n\n<p>Jos\u00e9 Cl\u00e1udio de Lima<\/p>\n\n\n\n<p>Ricardo Xavier de Lima<\/p>\n\n\n\n<p>In\u00e1cio J\u00fanior da Silva<\/p>\n\n\n\n<p>Janaina Soraia Costa Marques<\/p>\n\n\n\n<p>Maria Das Neves do Nascimento<\/p>\n\n\n\n<p>M\u00e1rcio Osivan Sousa B. Menezes<\/p>\n\n\n\n<p>Emanuela Ferreira da Silva<\/p>\n\n\n\n<p>Jos\u00e9 Erivonaldo de Sousa<\/p>\n\n\n\n<p>Carlos Andr\u00e9 de Lima<\/p>\n\n\n\n<p>Marcos Amaro Sousa Menezes<\/p>\n\n\n\n<p>Edna de Sousa Ramos<\/p>\n\n\n\n<p>Romualdo Gomes Lopes<\/p>\n\n\n\n<p>Ligia Renata Martins de Lima<\/p>\n\n\n\n<p>Joaquim Daniel Martins Santos<\/p>\n\n\n\n<p>Nat\u00e1lia do Nascimento Ribeiro<\/p>\n\n\n\n<p>Edna Regina Ferreira Celestino<\/p>\n","protected":false},"excerpt":{"rendered":"<p>A Comiss\u00e3o Eleitoral do processo eletivo do Conselho Tutelar divulga resultado da prova de conhecimento dos candidatos ao cargo de Conselheiros Tutelares do munic\u00edpio aptos&hellip; <\/p>\n","protected":false},"author":1,"featured_media":44181,"comment_status":"closed","ping_status":"closed","sticky":false,"template":"","format":"standard","meta":{"sfsi_plus_gutenberg_text_before_share":"","sfsi_plus_gutenberg_show_text_before_share":"","sfsi_plus_gutenberg_icon_type":"","sfsi_plus_gutenberg_icon_alignemt":"","sfsi_plus_gutenburg_max_per_row":"","footnotes":""},"categories":[6],"tags":[],"class_list":["post-98125","post","type-post","status-publish","format-standard","has-post-thumbnail","hentry","category-cidades"],"_links":{"self":[{"href":"https:\/\/www.caririemacao.com\/1\/wp-json\/wp\/v2\/posts\/98125","targetHints":{"allow":["GET"]}}],"collection":[{"href":"https:\/\/www.caririemacao.com\/1\/wp-json\/wp\/v2\/posts"}],"about":[{"href":"https:\/\/www.caririemacao.com\/1\/wp-json\/wp\/v2\/types\/post"}],"author":[{"embeddable":true,"href":"https:\/\/www.caririemacao.com\/1\/wp-json\/wp\/v2\/users\/1"}],"replies":[{"embeddable":true,"href":"https:\/\/www.caririemacao.com\/1\/wp-json\/wp\/v2\/comments?post=98125"}],"version-history":[{"count":1,"href":"https:\/\/www.caririemacao.com\/1\/wp-json\/wp\/v2\/posts\/98125\/revisions"}],"predecessor-version":[{"id":98126,"href":"https:\/\/www.caririemacao.com\/1\/wp-json\/wp\/v2\/posts\/98125\/revisions\/98126"}],"wp:featuredmedia":[{"embeddable":true,"href":"https:\/\/www.caririemacao.com\/1\/wp-json\/wp\/v2\/media\/44181"}],"wp:attachment":[{"href":"https:\/\/www.caririemacao.com\/1\/wp-json\/wp\/v2\/media?parent=98125"}],"wp:term":[{"taxonomy":"category","embeddable":true,"href":"https:\/\/www.caririemacao.com\/1\/wp-json\/wp\/v2\/categories?post=98125"},{"taxonomy":"post_tag","embeddable":true,"href":"https:\/\/www.caririemacao.com\/1\/wp-json\/wp\/v2\/tags?post=98125"}],"curies":[{"name":"wp","href":"https:\/\/api.w.org\/{rel}","templated":true}]}}