{"id":98129,"date":"2019-06-04T14:07:59","date_gmt":"2019-06-04T17:07:59","guid":{"rendered":"http:\/\/www.caririemacao.com\/1\/?p=98129"},"modified":"2019-06-04T14:07:59","modified_gmt":"2019-06-04T17:07:59","slug":"confirmado-10o-caso-de-malaria-na-paraiba-e-secretaria-investiga-um-obito","status":"publish","type":"post","link":"https:\/\/www.caririemacao.com\/1\/2019\/06\/04\/confirmado-10o-caso-de-malaria-na-paraiba-e-secretaria-investiga-um-obito\/","title":{"rendered":"Confirmado 10\u00ba caso de mal\u00e1ria na Para\u00edba e Secretaria investiga um \u00f3bito"},"content":{"rendered":"\n<p>A Secretaria de Estado da Sa\u00fade investiga uma morte que pode ter sido provocada por mal\u00e1ria, em Conde, no Litoral Sul da Para\u00edba. Al\u00e9m disso, o \u00f3rg\u00e3o confirmou, nesta ter\u00e7a-feira (4), o 10\u00ba caso da doen\u00e7a registrado no munic\u00edpio.<\/p>\n\n\n\n<p>Todos os 10 casos contabilizados s\u00e3o de Conde. &#8220;A SES intensificou as a\u00e7\u00f5es de combate ao mosquito no entorno das resid\u00eancias dos casos confirmados al\u00e9m do UBV (o carro fumac\u00ea) com programa\u00e7\u00e3o semanal at\u00e9 julho&#8221;, informou a Secretaria de Sa\u00fade em comunicado enviado ao ClickPB.<\/p>\n","protected":false},"excerpt":{"rendered":"<p>A Secretaria de Estado da Sa\u00fade investiga uma morte que pode ter sido provocada por mal\u00e1ria, em Conde, no Litoral Sul da Para\u00edba. Al\u00e9m disso,&hellip; <\/p>\n","protected":false},"author":1,"featured_media":90733,"comment_status":"closed","ping_status":"closed","sticky":false,"template":"","format":"standard","meta":{"sfsi_plus_gutenberg_text_before_share":"","sfsi_plus_gutenberg_show_text_before_share":"","sfsi_plus_gutenberg_icon_type":"","sfsi_plus_gutenberg_icon_alignemt":"","sfsi_plus_gutenburg_max_per_row":"","footnotes":""},"categories":[16],"tags":[],"class_list":["post-98129","post","type-post","status-publish","format-standard","has-post-thumbnail","hentry","category-saude"],"_links":{"self":[{"href":"https:\/\/www.caririemacao.com\/1\/wp-json\/wp\/v2\/posts\/98129","targetHints":{"allow":["GET"]}}],"collection":[{"href":"https:\/\/www.caririemacao.com\/1\/wp-json\/wp\/v2\/posts"}],"about":[{"href":"https:\/\/www.caririemacao.com\/1\/wp-json\/wp\/v2\/types\/post"}],"author":[{"embeddable":true,"href":"https:\/\/www.caririemacao.com\/1\/wp-json\/wp\/v2\/users\/1"}],"replies":[{"embeddable":true,"href":"https:\/\/www.caririemacao.com\/1\/wp-json\/wp\/v2\/comments?post=98129"}],"version-history":[{"count":1,"href":"https:\/\/www.caririemacao.com\/1\/wp-json\/wp\/v2\/posts\/98129\/revisions"}],"predecessor-version":[{"id":98130,"href":"https:\/\/www.caririemacao.com\/1\/wp-json\/wp\/v2\/posts\/98129\/revisions\/98130"}],"wp:featuredmedia":[{"embeddable":true,"href":"https:\/\/www.caririemacao.com\/1\/wp-json\/wp\/v2\/media\/90733"}],"wp:attachment":[{"href":"https:\/\/www.caririemacao.com\/1\/wp-json\/wp\/v2\/media?parent=98129"}],"wp:term":[{"taxonomy":"category","embeddable":true,"href":"https:\/\/www.caririemacao.com\/1\/wp-json\/wp\/v2\/categories?post=98129"},{"taxonomy":"post_tag","embeddable":true,"href":"https:\/\/www.caririemacao.com\/1\/wp-json\/wp\/v2\/tags?post=98129"}],"curies":[{"name":"wp","href":"https:\/\/api.w.org\/{rel}","templated":true}]}}