{"id":98133,"date":"2019-06-04T14:10:13","date_gmt":"2019-06-04T17:10:13","guid":{"rendered":"http:\/\/www.caririemacao.com\/1\/?p=98133"},"modified":"2019-06-04T14:10:13","modified_gmt":"2019-06-04T17:10:13","slug":"bolsonaro-entrega-a-camara-projeto-de-lei-que-dobra-limite-de-pontos-e-muda-regras-da-cnh","status":"publish","type":"post","link":"https:\/\/www.caririemacao.com\/1\/2019\/06\/04\/bolsonaro-entrega-a-camara-projeto-de-lei-que-dobra-limite-de-pontos-e-muda-regras-da-cnh\/","title":{"rendered":"Bolsonaro entrega \u00e0 C\u00e2mara projeto de lei que dobra limite de pontos e muda regras da CNH"},"content":{"rendered":"\n<p>O presidente Jair Bolsonaro entregou \u00e0 C\u00e2mara dos Deputados, no in\u00edcio da tarde desta ter\u00e7a-feira (4), o projeto de lei que altera as regras da Carteira Nacional de Habilita\u00e7\u00e3o (CNH). A principal mudan\u00e7a est\u00e1 no aumento de 20 para 40 o total de pontos para suspens\u00e3o da CNH no per\u00edodo de um ano.<br><\/p>\n\n\n\n<p>O projeto tamb\u00e9m prev\u00ea a amplia\u00e7\u00e3o da validade da CNH dos atuais cinco para 10 anos, e a de idosos de dois anos e meio para cinco anos. Para come\u00e7ar a valer, a proposta ainda precisa ser discutida pelos parlamentares e aprovada pela C\u00e2mara e, depois, pelo Senado.<\/p>\n\n\n\n<p>O texto inclui ainda a exig\u00eancia de cadeirinha para crian\u00e7a nos ve\u00edculos, a libera\u00e7\u00e3o de bicicletas el\u00e9tricas pelo Conselho Nacional de Tr\u00e2nsito (Contran) e o fim da necessidade de exame toxicol\u00f3gico para motoristas profissionais.<\/p>\n\n\n\n<p>Bolsonaro foi pessoalmente \u00e0 Casa, demonstrando um movimento para melhorar a rela\u00e7\u00e3o tortuosa que tem mantido com o Congresso. O presidente apresentou a proposta ao lado do ministro da Infraestrutura, Tarc\u00edsio Gomes de Freitas, e do presidente da C\u00e2mara, Rodrigo Maia (DEM-RJ). Maia teria sugerido ao presidente que enviasse um projeto de lei sobre o assunto, em vez de uma medida provis\u00f3ria (MP), ap\u00f3s uma conversa com o pr\u00f3prio Bolsonaro.<\/p>\n","protected":false},"excerpt":{"rendered":"<p>O presidente Jair Bolsonaro entregou \u00e0 C\u00e2mara dos Deputados, no in\u00edcio da tarde desta ter\u00e7a-feira (4), o projeto de lei que altera as regras da&hellip; <\/p>\n","protected":false},"author":1,"featured_media":98134,"comment_status":"closed","ping_status":"closed","sticky":false,"template":"","format":"standard","meta":{"sfsi_plus_gutenberg_text_before_share":"","sfsi_plus_gutenberg_show_text_before_share":"","sfsi_plus_gutenberg_icon_type":"","sfsi_plus_gutenberg_icon_alignemt":"","sfsi_plus_gutenburg_max_per_row":"","footnotes":""},"categories":[11],"tags":[],"class_list":["post-98133","post","type-post","status-publish","format-standard","has-post-thumbnail","hentry","category-politica"],"_links":{"self":[{"href":"https:\/\/www.caririemacao.com\/1\/wp-json\/wp\/v2\/posts\/98133","targetHints":{"allow":["GET"]}}],"collection":[{"href":"https:\/\/www.caririemacao.com\/1\/wp-json\/wp\/v2\/posts"}],"about":[{"href":"https:\/\/www.caririemacao.com\/1\/wp-json\/wp\/v2\/types\/post"}],"author":[{"embeddable":true,"href":"https:\/\/www.caririemacao.com\/1\/wp-json\/wp\/v2\/users\/1"}],"replies":[{"embeddable":true,"href":"https:\/\/www.caririemacao.com\/1\/wp-json\/wp\/v2\/comments?post=98133"}],"version-history":[{"count":1,"href":"https:\/\/www.caririemacao.com\/1\/wp-json\/wp\/v2\/posts\/98133\/revisions"}],"predecessor-version":[{"id":98135,"href":"https:\/\/www.caririemacao.com\/1\/wp-json\/wp\/v2\/posts\/98133\/revisions\/98135"}],"wp:featuredmedia":[{"embeddable":true,"href":"https:\/\/www.caririemacao.com\/1\/wp-json\/wp\/v2\/media\/98134"}],"wp:attachment":[{"href":"https:\/\/www.caririemacao.com\/1\/wp-json\/wp\/v2\/media?parent=98133"}],"wp:term":[{"taxonomy":"category","embeddable":true,"href":"https:\/\/www.caririemacao.com\/1\/wp-json\/wp\/v2\/categories?post=98133"},{"taxonomy":"post_tag","embeddable":true,"href":"https:\/\/www.caririemacao.com\/1\/wp-json\/wp\/v2\/tags?post=98133"}],"curies":[{"name":"wp","href":"https:\/\/api.w.org\/{rel}","templated":true}]}}