{"id":98142,"date":"2019-06-04T14:17:04","date_gmt":"2019-06-04T17:17:04","guid":{"rendered":"http:\/\/www.caririemacao.com\/1\/?p=98142"},"modified":"2019-06-04T14:17:04","modified_gmt":"2019-06-04T17:17:04","slug":"comecam-hoje-as-inscricoes-para-o-sisu-2019-2","status":"publish","type":"post","link":"https:\/\/www.caririemacao.com\/1\/2019\/06\/04\/comecam-hoje-as-inscricoes-para-o-sisu-2019-2\/","title":{"rendered":"Come\u00e7am hoje as inscri\u00e7\u00f5es para o Sisu 2019.2"},"content":{"rendered":"\n<p>Come\u00e7am nesta ter\u00e7a-feira (4), as inscri\u00e7\u00f5es para o&nbsp;Sistema de Sele\u00e7\u00e3o Unificada (Sisu) do semestre 2019.2. Na Para\u00edba s\u00e3o ofertadas mais de seis mil vagas em institui\u00e7\u00f5es p\u00fablicas.<\/p>\n\n\n\n<p>As inscri\u00e7\u00f5es seguem at\u00e9 a sexta-feira (7) e devem ser feitas&nbsp;<a href=\"http:\/\/www.sisu.mec.gov.br\/\">no site do Sisu<\/a>.&nbsp;<\/p>\n\n\n\n<p>Os estudantes dever\u00e3o verificar as informa\u00e7\u00f5es constantes do Termo de Ades\u00e3o das universidades junto ao Sisu.<\/p>\n\n\n\n<p><strong>Confira as vagas nas institui\u00e7\u00f5es da Para\u00edba<\/strong><\/p>\n\n\n\n<p><strong>Instituto Federal de Educa\u00e7\u00e3o, Ci\u00eancia e Tecnologia da Para\u00edba (IFPB)<\/strong><\/p>\n\n\n\n<p>No IFPB&nbsp;s\u00e3o 1.310 vagas provenientes de 35 cursos em 10 campi da Para\u00edba. Dos 35 cursos ofertados pelo IFPB, nove s\u00e3o cursos de bacharelado, sete s\u00e3o de licenciatura e dezenove de tecn\u00f3logo, nos campi de Cabedelo, Cajazeiras, Campina Grande, Guarabira, Jo\u00e3o Pessoa, Monteiro, Patos, Picu\u00ed, Princesa Isabel e Sousa.&nbsp;<br><\/p>\n\n\n\n<p>As informa\u00e7\u00f5es est\u00e3o dispostas em um edital, no&nbsp;<a href=\"https:\/\/estudante.ifpb.edu.br\/processoseletivo\/processo\/2\/edicao\/135\/\">site do IFPB<\/a>.<\/p>\n\n\n\n<p><strong>Universidade Estadual da Para\u00edba (UEPB)<\/strong><\/p>\n\n\n\n<p>A UEPB&nbsp;oferece 2.845 vagas para seus diversos cursos de gradua\u00e7\u00e3o, nos oito campi da universidade. O Termo de Ades\u00e3o da UEPB pode ser encontrado no&nbsp;<a href=\"http:\/\/proreitorias.uepb.edu.br\/prograd\/SiSU\/\">portal da institui\u00e7\u00e3o<\/a>.&nbsp;<\/p>\n\n\n\n<p>A matr\u00edcula dos estudantes selecionados ser\u00e1 realizada de 4 a 7 de junho, no&nbsp;<a href=\"http:\/\/www.sisu.mec.gov.br\/\">site do Sisu<\/a>, e, no dia 10, ser\u00e1 divulgada a chamada regular.<\/p>\n\n\n\n<p>Entre os dias 11 e 17 de junho, os candidatos que n\u00e3o foram contemplados na chamada regular dever\u00e3o fazer a declara\u00e7\u00e3o de interesse em participar da lista de espera, que ter\u00e1 sua publica\u00e7\u00e3o realizada no dia 19 de junho.&nbsp;<\/p>\n\n\n\n<p>As aulas do per\u00edodo letivo 2019.2 na UEPB ser\u00e3o iniciadas no dia 6 de agosto.<\/p>\n\n\n\n<p><strong>Universidade Federal de Campina Grande (UFCG)<\/strong><\/p>\n\n\n\n<p>Na&nbsp;UFCG&nbsp;ser\u00e3o oferecidas 1.535 vagas.&nbsp;O Termo de Ades\u00e3o pode ser encontrado no&nbsp;<a href=\"http:\/\/comprov.ufcg.edu.br\/files\/Vestibulares\/2019\/2019.2\/legislacao\/Termo%20de%20Adesao_SISU%202019.2.pdf\">site da institui\u00e7\u00e3o<\/a>. Das vagas ofertadas neste segundo semestre, 760 s\u00e3o de ampla concorr\u00eancia e 775 reservadas pela Lei de Cotas, distribu\u00eddas entre 35 cursos de gradua\u00e7\u00e3o nos campi de Campina Grande, Patos, Cajazeiras, Cuit\u00e9 e Pombal.<\/p>\n\n\n\n<p>A m\u00e9dia m\u00ednima para tentar o ingresso em cursos da UFCG \u00e9 400.<\/p>\n\n\n\n<p>Os alunos aprovados e classificados s\u00e3o imediatamente convocados para o cadastramento presencial na UFCG. O hor\u00e1rio de cadastramento ser\u00e1 de 8h \u00e0s 11h e das 14h \u00e0s 17h. Os locais de cadastramento s\u00e3o as coordena\u00e7\u00f5es dos cursos.<\/p>\n\n\n\n<p><strong>Universidade Federal da Para\u00edba (UFPB)<\/strong><\/p>\n\n\n\n<p>A UFPB vai oferecer 340 vagas, distribu\u00eddas entre 70 cursos. Desse total, 153 oportunidades ser\u00e3o para ampla concorr\u00eancia e 187 para a Lei de Cotas, de acordo com o&nbsp;<a href=\"http:\/\/www.prg.ufpb.br\/prg\/codesc\/processos-seletivos\/noticias\/sisu-2a-edicao\/termo_adesao_579_ufpb_sisu_2_assinado.pdf\">Termo de Ades\u00e3o<\/a>&nbsp;divulgado pela Pr\u00f3-Reitoria de Gradua\u00e7\u00e3o (PRG), no&nbsp;<a href=\"http:\/\/www.prg.ufpb.br\/prg\/codesc\/capa-codesc\">site da institui\u00e7\u00e3o.<\/a>&nbsp;Para participar do Sisu, os candidatos devem ter alcan\u00e7ado uma nota m\u00ednima de 400 pontos na reda\u00e7\u00e3o.<\/p>\n\n\n\n<p>O per\u00edodo letivo 2019.2 deve come\u00e7ar no dia 15 de outubro deste ano, tendo em vista que a universidade est\u00e1 em processo de regulariza\u00e7\u00e3o do calend\u00e1rio acad\u00eamico.<\/p>\n","protected":false},"excerpt":{"rendered":"<p>Come\u00e7am nesta ter\u00e7a-feira (4), as inscri\u00e7\u00f5es para o&nbsp;Sistema de Sele\u00e7\u00e3o Unificada (Sisu) do semestre 2019.2. Na Para\u00edba s\u00e3o ofertadas mais de seis mil vagas em&hellip; <\/p>\n","protected":false},"author":1,"featured_media":36846,"comment_status":"closed","ping_status":"closed","sticky":false,"template":"","format":"standard","meta":{"sfsi_plus_gutenberg_text_before_share":"","sfsi_plus_gutenberg_show_text_before_share":"","sfsi_plus_gutenberg_icon_type":"","sfsi_plus_gutenberg_icon_alignemt":"","sfsi_plus_gutenburg_max_per_row":"","footnotes":""},"categories":[50,14],"tags":[],"class_list":["post-98142","post","type-post","status-publish","format-standard","has-post-thumbnail","hentry","category-destaque","category-educacao"],"_links":{"self":[{"href":"https:\/\/www.caririemacao.com\/1\/wp-json\/wp\/v2\/posts\/98142","targetHints":{"allow":["GET"]}}],"collection":[{"href":"https:\/\/www.caririemacao.com\/1\/wp-json\/wp\/v2\/posts"}],"about":[{"href":"https:\/\/www.caririemacao.com\/1\/wp-json\/wp\/v2\/types\/post"}],"author":[{"embeddable":true,"href":"https:\/\/www.caririemacao.com\/1\/wp-json\/wp\/v2\/users\/1"}],"replies":[{"embeddable":true,"href":"https:\/\/www.caririemacao.com\/1\/wp-json\/wp\/v2\/comments?post=98142"}],"version-history":[{"count":1,"href":"https:\/\/www.caririemacao.com\/1\/wp-json\/wp\/v2\/posts\/98142\/revisions"}],"predecessor-version":[{"id":98143,"href":"https:\/\/www.caririemacao.com\/1\/wp-json\/wp\/v2\/posts\/98142\/revisions\/98143"}],"wp:featuredmedia":[{"embeddable":true,"href":"https:\/\/www.caririemacao.com\/1\/wp-json\/wp\/v2\/media\/36846"}],"wp:attachment":[{"href":"https:\/\/www.caririemacao.com\/1\/wp-json\/wp\/v2\/media?parent=98142"}],"wp:term":[{"taxonomy":"category","embeddable":true,"href":"https:\/\/www.caririemacao.com\/1\/wp-json\/wp\/v2\/categories?post=98142"},{"taxonomy":"post_tag","embeddable":true,"href":"https:\/\/www.caririemacao.com\/1\/wp-json\/wp\/v2\/tags?post=98142"}],"curies":[{"name":"wp","href":"https:\/\/api.w.org\/{rel}","templated":true}]}}