{"id":98148,"date":"2019-06-04T14:23:54","date_gmt":"2019-06-04T17:23:54","guid":{"rendered":"http:\/\/www.caririemacao.com\/1\/?p=98148"},"modified":"2019-06-04T14:23:54","modified_gmt":"2019-06-04T17:23:54","slug":"senador-paraibano-explica-voto-contrario-a-pente-fino-em-beneficios-do-inss","status":"publish","type":"post","link":"https:\/\/www.caririemacao.com\/1\/2019\/06\/04\/senador-paraibano-explica-voto-contrario-a-pente-fino-em-beneficios-do-inss\/","title":{"rendered":"Senador paraibano explica voto contr\u00e1rio a pente-fino em benef\u00edcios do INSS"},"content":{"rendered":"\n<p><br>O Senado Federal aprovou nessa segunda-feira (3) o texto da medida provis\u00f3ria (MP) que cria um pente-fino nos benef\u00edcios do INSS (Instituto Nacional do Seguro Social). O texto alterado pela C\u00e2mara dos Deputados foi aprovado por 55 a 12.<\/p>\n\n\n\n<p>O senador paraibano Veneziano Vital do R\u00eago (PSB) foi um dos parlamentares que votaram contra a MP, afirmando que qualquer mudan\u00e7a que ocorresse no texto \u2018caducaria\u2019.<\/p>\n\n\n\n<figure class=\"wp-block-image\"><img decoding=\"async\" data-src=\"https:\/\/paraibaonline.com.br\/wp-content\/uploads\/2019\/04\/vene-tribuna-senado.jpg\" alt=\"Foto: Geraldo Magela\/Ag\u00eancia Senado\" class=\"wp-image-617690 lazyload\" src=\"data:image\/svg+xml;base64,PHN2ZyB3aWR0aD0iMSIgaGVpZ2h0PSIxIiB4bWxucz0iaHR0cDovL3d3dy53My5vcmcvMjAwMC9zdmciPjwvc3ZnPg==\" \/><\/figure>\n\n\n\n<p>Foto: Geraldo Magela\/Ag\u00eancia Senado<\/p>\n\n\n\n<p>\u2013 Aos senadores e senadoras, uma situa\u00e7\u00e3o: que era a de aceitar uma mat\u00e9ria como ela foi votada na C\u00e2mara sem qualquer direito a discuss\u00e3o que levasse a algumas mudan\u00e7as. N\u00e3o h\u00e1 ningu\u00e9m que n\u00e3o queira combater as fraudes. O que n\u00f3s dissemos, os 12 senadores que votaram contra, foi bastante l\u00facido. A MP tem pontos bons, mas n\u00e3o o suficiente para que abrangesse \u00e0queles que s\u00e3o os respons\u00e1veis por mais de R$ 400 bilh\u00f5es em sonega\u00e7\u00e3o e fraudes. A MP de ontem s\u00f3 atinge um pequeno grupo \u2013 explanou.<\/p>\n\n\n\n<p>*Informa\u00e7\u00f5es da R\u00e1dio Correio FM<\/p>\n","protected":false},"excerpt":{"rendered":"<p>O Senado Federal aprovou nessa segunda-feira (3) o texto da medida provis\u00f3ria (MP) que cria um pente-fino nos benef\u00edcios do INSS (Instituto Nacional do Seguro&hellip; <\/p>\n","protected":false},"author":1,"featured_media":34645,"comment_status":"closed","ping_status":"closed","sticky":false,"template":"","format":"standard","meta":{"sfsi_plus_gutenberg_text_before_share":"","sfsi_plus_gutenberg_show_text_before_share":"","sfsi_plus_gutenberg_icon_type":"","sfsi_plus_gutenberg_icon_alignemt":"","sfsi_plus_gutenburg_max_per_row":"","footnotes":""},"categories":[11],"tags":[],"class_list":["post-98148","post","type-post","status-publish","format-standard","has-post-thumbnail","hentry","category-politica"],"_links":{"self":[{"href":"https:\/\/www.caririemacao.com\/1\/wp-json\/wp\/v2\/posts\/98148","targetHints":{"allow":["GET"]}}],"collection":[{"href":"https:\/\/www.caririemacao.com\/1\/wp-json\/wp\/v2\/posts"}],"about":[{"href":"https:\/\/www.caririemacao.com\/1\/wp-json\/wp\/v2\/types\/post"}],"author":[{"embeddable":true,"href":"https:\/\/www.caririemacao.com\/1\/wp-json\/wp\/v2\/users\/1"}],"replies":[{"embeddable":true,"href":"https:\/\/www.caririemacao.com\/1\/wp-json\/wp\/v2\/comments?post=98148"}],"version-history":[{"count":1,"href":"https:\/\/www.caririemacao.com\/1\/wp-json\/wp\/v2\/posts\/98148\/revisions"}],"predecessor-version":[{"id":98149,"href":"https:\/\/www.caririemacao.com\/1\/wp-json\/wp\/v2\/posts\/98148\/revisions\/98149"}],"wp:featuredmedia":[{"embeddable":true,"href":"https:\/\/www.caririemacao.com\/1\/wp-json\/wp\/v2\/media\/34645"}],"wp:attachment":[{"href":"https:\/\/www.caririemacao.com\/1\/wp-json\/wp\/v2\/media?parent=98148"}],"wp:term":[{"taxonomy":"category","embeddable":true,"href":"https:\/\/www.caririemacao.com\/1\/wp-json\/wp\/v2\/categories?post=98148"},{"taxonomy":"post_tag","embeddable":true,"href":"https:\/\/www.caririemacao.com\/1\/wp-json\/wp\/v2\/tags?post=98148"}],"curies":[{"name":"wp","href":"https:\/\/api.w.org\/{rel}","templated":true}]}}