{"id":98152,"date":"2019-06-04T14:32:30","date_gmt":"2019-06-04T17:32:30","guid":{"rendered":"http:\/\/www.caririemacao.com\/1\/?p=98152"},"modified":"2019-06-04T14:32:30","modified_gmt":"2019-06-04T17:32:30","slug":"divulgado-resultado-parcial-do-processo-seletivo-n-08-2019-programa-crianca-feliz","status":"publish","type":"post","link":"https:\/\/www.caririemacao.com\/1\/2019\/06\/04\/divulgado-resultado-parcial-do-processo-seletivo-n-08-2019-programa-crianca-feliz\/","title":{"rendered":"Divulgado Resultado Parcial do Processo Seletivo n\u00b0 08\/2019 \u2013 Programa Crian\u00e7a Feliz"},"content":{"rendered":"\n<p>A Comiss\u00e3o de Acompanhamento e Fiscaliza\u00e7\u00e3o, institu\u00edda pela Portaria n\u00ba 5.817\/2019, torna p\u00fablico, conforme previsto no item 5, subitens 5.2.1 e 5.2.1.1, o&nbsp;<strong>RESULTADO PARCIAL<\/strong>&nbsp;da Primeira etapa do Processo Seletivo Simplificado n\u00ba 008\/2019.<\/p>\n\n\n\n<table class=\"wp-block-table\"><tbody><tr><td><strong>VISITADOR DO PROGRAMA CRIAN\u00c7A FELIZ<\/strong><\/td><\/tr><tr><td><strong>INS.<\/strong><\/td><td><strong>NOME<\/strong><\/td><td><strong>NOTA<\/strong><\/td><td><strong>SITUA\u00c7\u00c3O<\/strong><\/td><\/tr><tr><td>060\/2019<\/td><td>JOSEFA FERNANDA DE LIMA ANTONINO<\/td><td>8<\/td><td>Classificado, conforme item 5.2.1<\/td><\/tr><tr><td>116\/2019<\/td><td>CLAUDIA VENANCIO DE SOUSA ARA\u00daJO<\/td><td>8<\/td><td>Classificado, conforme item 5.2.1<\/td><\/tr><tr><td>135a\/2019<\/td><td>ANA C\u00c9LIA MORAIS RAMOS<\/td><td>8<\/td><td>Classificado, conforme item 5.2.1<\/td><\/tr><tr><td>037\/2019<\/td><td>J\u00c9SSICA MAYARA VER\u00cdSSIMO DE OLIVEIRA<\/td><td>7,25<\/td><td>Classificado, conforme item 5.2.1<\/td><\/tr><tr><td>079\/2019<\/td><td>JO\u00c3O DE DEUS AMORIM DAS NEVES<\/td><td>7,25<\/td><td>Classificado, conforme item 5.2.1<\/td><\/tr><tr><td>030\/2019<\/td><td>W\u00caLLYDA PAULA BARBOSA DA COSTA<\/td><td>6,5<\/td><td>Classificado, conforme item 5.2.1<\/td><\/tr><tr><td>083\/2019<\/td><td>IRIS BARBOSA CARNEIRO<\/td><td>6,5<\/td><td>Classificado, conforme item 5.2.1<\/td><\/tr><tr><td>101\/2019<\/td><td>K\u00c1TIA CRISTINA ARA\u00daJO BEZERRA DE SOUZA<\/td><td>6,5<\/td><td>Classificado, conforme item 5.2.1<\/td><\/tr><tr><td>022\/2019<\/td><td>MARILDA AMORIM DE LIMA SILVA<\/td><td>6<\/td><td>Classificado, conforme item 5.2.1<\/td><\/tr><tr><td>077\/2019<\/td><td>MARIA JOZ\u00c9LIA FEITOZA RODRIGUES<\/td><td>6<\/td><td>Classificado, conforme item 5.2.1<\/td><\/tr><tr><td>110\/2019<\/td><td>ROSENILDA SILVA DE MORAES<\/td><td>6<\/td><td>Classificado, conforme item 5.2.1<\/td><\/tr><tr><td>140\/2019<\/td><td>SANDRA MARIA CARNEIRO DE SOUZA SILVA<\/td><td>6<\/td><td>Classificado, conforme item 5.2.1<\/td><\/tr><tr><td>146\/2019<\/td><td>NUBIA JUCIELMA DA SILVA SOUZA<\/td><td>6<\/td><td>Classificado, conforme item 5.2.1<\/td><\/tr><tr><td>008\/2019<\/td><td>JOS\u00c9 JONNAT BARBOZA GUIMAR\u00c3ES<\/td><td>5,5<\/td><td>Classificado, conforme item 5.2.1<\/td><\/tr><tr><td>109\/2019<\/td><td>TIAGO&nbsp; CESAR GON\u00c7ALVES ROSENDO<\/td><td>5,5<\/td><td>Classificado, conforme item 5.2.1<\/td><\/tr><tr><td>059\/2019<\/td><td>FRANCIELY RENALLY MACIEL<\/td><td>5,25<\/td><td>Classificado, conforme item 5.2.1<\/td><\/tr><tr><td>094\/2019<\/td><td>JOANA D\u2019ARC MORAIS DA SILVA<\/td><td>5,25<\/td><td>Classificado, conforme item 5.2.1<\/td><\/tr><tr><td>071\/2019<\/td><td>DANIEL PEREIRA MACIEL<\/td><td>5<\/td><td>Classificado, conforme item 5.2.1<\/td><\/tr><tr><td>081\/2019<\/td><td>ALDENICE JOSINA DE SOUZA<\/td><td>5<\/td><td>Classificado, conforme item 5.2.1<\/td><\/tr><tr><td>102\/2019<\/td><td>MONICA DE ANDRADE SIQUEIRA<\/td><td>5<\/td><td>Classificado, conforme item 5.2.1<\/td><\/tr><tr><td>141\/2019<\/td><td>JEISA SAMARA OLIVEIRA SILVA<\/td><td>5<\/td><td>Classificado, conforme item 5.2.1<\/td><\/tr><tr><td>129\/2019<\/td><td>RENNATA KELLY MUNIZ ALVES<\/td><td>4,75<\/td><td>Classificado, conforme item 5.2.1<\/td><\/tr><tr><td>014\/2019<\/td><td>\u00c9RIKA MARIA DE ABREU BATISTA<\/td><td>4,5<\/td><td>Classificado, conforme item 5.2.1<\/td><\/tr><tr><td>070\/2019<\/td><td>ISRAEL SILVA DE MORAIS<\/td><td>4,5<\/td><td>Classificado, conforme item 5.2.1<\/td><\/tr><tr><td>107\/2019<\/td><td>ELISABETH TRAVASSOS SOBRINHO BRITO<\/td><td>4,5<\/td><td>Classificado, conforme item 5.2.1<\/td><\/tr><tr><td>126\/2019<\/td><td>GABRIELLY OHANA DE MOURA<\/td><td>4,5<\/td><td>Classificado, conforme item 5.2.1.1<\/td><\/tr><tr><td>130\/2019<\/td><td>TATIANNE MIKAELLY FARIAS SANTOS<\/td><td>4,5<\/td><td>Classificado, conforme item 5.2.1.1<\/td><\/tr><tr><td>138\/2019<\/td><td>GRACINEIDE VIEIRA DE SOUZA<\/td><td>4,5<\/td><td>Classificado, conforme item 5.2.1.1<\/td><\/tr><tr><td>145\/2019<\/td><td>KLYSNA THAMYRES DA SILVA LEITE<\/td><td>4,5<\/td><td>Classificado, conforme item 5.2.1.1<\/td><\/tr><tr><td>021\/2019<\/td><td>MARCIA GABRIELLE SANTOS DE SOUSA<\/td><td>4<\/td><td>Desclassificado<\/td><\/tr><tr><td>088\/2019<\/td><td>BARBARA DA CONCEI\u00c7\u00c3O PEREIRA DE ARA\u00daJO<\/td><td>4<\/td><td>Desclassificado<\/td><\/tr><tr><td>118\/2019<\/td><td>HERLEN CAMPOS PORTO<\/td><td>4<\/td><td>Desclassificado<\/td><\/tr><tr><td>128\/2019<\/td><td>TERESA CIRSTINA DOS SANTOS COSTA<\/td><td>4<\/td><td>Desclassificado<\/td><\/tr><tr><td>001\/2019<\/td><td>NAYARA DA SILVA HENRIQUE<\/td><td>3,5<\/td><td>Desclassificado<\/td><\/tr><tr><td>007\/2019<\/td><td>ANA CRISTINA GOMES BATISTA<\/td><td>3,5<\/td><td>Desclassificado<\/td><\/tr><tr><td>011\/2019<\/td><td>DANIEL DE SOUSA SANTOS<\/td><td>3,5<\/td><td>Desclassificado<\/td><\/tr><tr><td>017\/2019<\/td><td>FILIPE JUNIOR SILVA DOS SANTOS<\/td><td>3,5<\/td><td>Desclassificado<\/td><\/tr><tr><td>018\/2019<\/td><td>YGO MAGALH\u00c3ES ALMEIDA<\/td><td>3,5<\/td><td>Desclassificado<\/td><\/tr><tr><td>024\/2019<\/td><td>TALITA BEZERRA DE FARIAS<\/td><td>3,5<\/td><td>Desclassificado<\/td><\/tr><tr><td>026\/2019<\/td><td>HEVERTON RAMON DE CARVALHO VIANA<\/td><td>3,5<\/td><td>Desclassificado<\/td><\/tr><tr><td>031\/2019<\/td><td>TATYANE RODRIGUES DA SILVA<\/td><td>3,5<\/td><td>Desclassificado<\/td><\/tr><tr><td>032\/2019<\/td><td>MICHELE MOTA DE SOUZA<\/td><td>3,5<\/td><td>Desclassificado<\/td><\/tr><tr><td>040\/2019<\/td><td>JOS\u00c9 RONIVALDO DE ANDRADE OLIVEIRA<\/td><td>3,5<\/td><td>Desclassificado<\/td><\/tr><tr><td>061\/2019<\/td><td>ALINE DE OLIVEIRA BARBOSA<\/td><td>3,5<\/td><td>Desclassificado<\/td><\/tr><tr><td>067\/2019<\/td><td>EDGLEIGA DAISE ALVES FEITOZA DA SILVA<\/td><td>3,5<\/td><td>Desclassificado<\/td><\/tr><tr><td>068\/2019<\/td><td>GENILDA DA SILVA CARVALHO<\/td><td>3,5<\/td><td>Desclassificado<\/td><\/tr><tr><td>075\/2019<\/td><td>CARLA DA SILVA OLIVEIRA<\/td><td>3,5<\/td><td>Desclassificado<\/td><\/tr><tr><td>086\/2019<\/td><td>FRANCISCO LA\u00cdRES CAVALCANTE<\/td><td>3,5<\/td><td>Desclassificado<\/td><\/tr><tr><td>090\/2019<\/td><td>ARTUR ALAN MELO CARNEIRO DE OLIVEIRA<\/td><td>3,5<\/td><td>Desclassificado<\/td><\/tr><tr><td>092\/2019<\/td><td>ELISANE DE PAULA FEITOSA DE MELO<\/td><td>3,5<\/td><td>Desclassificado<\/td><\/tr><tr><td>098\/2019<\/td><td>IOHRANA BRAZ DO NASCIMENTO<\/td><td>3,5<\/td><td>Desclassificado<\/td><\/tr><tr><td>105\/2019<\/td><td>ALDAIR DANIEL DA SILVA<\/td><td>3,5<\/td><td>Desclassificado<\/td><\/tr><tr><td>113\/2019<\/td><td>SAYONARA FERREIRA DE SOUZA<\/td><td>3,5<\/td><td>Desclassificado<\/td><\/tr><tr><td>114\/2019<\/td><td>KACEJANE CHRISTINA LUCENA DE SOUSA SILVA<\/td><td>3,5<\/td><td>Desclassificado<\/td><\/tr><tr><td>115\/2019<\/td><td>JOS\u00c9 EDSON DA SILVA FERREIRA<\/td><td>3,5<\/td><td>Desclassificado<\/td><\/tr><tr><td>122\/2019<\/td><td>ADRIANA KARLA COELHO DA SILVA GAMA<\/td><td>3,5<\/td><td>Desclassificado<\/td><\/tr><tr><td>125\/2019<\/td><td>ILMA DA SILVA SOUSA<\/td><td>3,5<\/td><td>Desclassificado<\/td><\/tr><tr><td>131\/2019<\/td><td>SIMONE BARROS DE SOUZA<\/td><td>3,5<\/td><td>Desclassificado<\/td><\/tr><tr><td>142\/2019<\/td><td>\u00c9RIKA MAYARA LEITE DE MORAIS<\/td><td>3,5<\/td><td>Desclassificado<\/td><\/tr><tr><td>147\/2019<\/td><td>PABLO GUTIERREZ ARA\u00daJO DA SILVA<\/td><td>3,5<\/td><td>Desclassificado<\/td><\/tr><tr><td>002\/2019<\/td><td>ROMILDA AUCICLEIDE SOUZA CAMPOS<\/td><td>3<\/td><td>Desclassificado<\/td><\/tr><tr><td>003\/2019<\/td><td>RENIERISSON CORDEIRO<\/td><td>3<\/td><td>Desclassificado<\/td><\/tr><tr><td>004\/2019<\/td><td>SABRINA DE OLIVEIRA SOUZA<\/td><td>3<\/td><td>Desclassificado<\/td><\/tr><tr><td>005\/2019<\/td><td>IN\u00caS GABRIELA DE ANDRADE COSTA<\/td><td>3<\/td><td>Desclassificado<\/td><\/tr><tr><td>006\/2019<\/td><td>MARIA ZUELANIA DE SOUSA<\/td><td>3<\/td><td>Desclassificado<\/td><\/tr><tr><td>009\/2019<\/td><td>JEFERSON DA SILVA VIEIRA<\/td><td>3<\/td><td>Desclassificado<\/td><\/tr><tr><td>010\/2019<\/td><td>ARIANE DE SOUSA GON\u00c7ALVES<\/td><td>3<\/td><td>Desclassificado<\/td><\/tr><tr><td>012\/2019<\/td><td>MARIA ELIZANGELA BEZERRA SALES<\/td><td>3<\/td><td>Desclassificado<\/td><\/tr><tr><td>013\/2019<\/td><td>RENATA FARIAS DE ARA\u00daJO<\/td><td>3<\/td><td>Desclassificado<\/td><\/tr><tr><td>015\/2019<\/td><td>MARIA CICERA LIMEIRA DA SILVA<\/td><td>3<\/td><td>Desclassificado<\/td><\/tr><tr><td>016\/2019<\/td><td>ANG\u00c9LIA MARIA MACIEL DE SOUSA<\/td><td>3<\/td><td>Desclassificado<\/td><\/tr><tr><td>019\/2019<\/td><td>EMERSON DA SILVA RODRIGUES<\/td><td>3<\/td><td>Desclassificado<\/td><\/tr><tr><td>020\/2019<\/td><td>FABIANA BERTO DA SILVA<\/td><td>3<\/td><td>Desclassificado<\/td><\/tr><tr><td>023\/2019<\/td><td>DANIELE A\u00c7UCENA PEREIRA BEZERRA<\/td><td>3<\/td><td>Desclassificado<\/td><\/tr><tr><td>025\/2019<\/td><td>MARCIA ADRIANA DA SILVA<\/td><td>3<\/td><td>Desclassificado<\/td><\/tr><tr><td>027\/2019<\/td><td>FELIPE XAVIER BEZERRA<\/td><td>3<\/td><td>Desclassificado<\/td><\/tr><tr><td>028\/2019<\/td><td>CLAUDIA VERONICA DE LIMA FERREIRA<\/td><td>3<\/td><td>Desclassificado<\/td><\/tr><tr><td>029\/2019<\/td><td>MARIA DAS GRA\u00c7AS DO NASCIMENTO SILVA<\/td><td>3<\/td><td>Desclassificado<\/td><\/tr><tr><td>033\/2019<\/td><td>LEILA MACIEL L\u00caLA<\/td><td>3<\/td><td>Desclassificado<\/td><\/tr><tr><td>034\/2019<\/td><td>CELIA DE LIMA SOARES<\/td><td>3<\/td><td>Desclassificado<\/td><\/tr><tr><td>035\/2019<\/td><td>LETICIA DE MELO SOUSA<\/td><td>3<\/td><td>Desclassificado<\/td><\/tr><tr><td>036\/2019<\/td><td>ALCIDESIO DE OLIVEIRA SANTIAGO<\/td><td>3<\/td><td>Desclassificado<\/td><\/tr><tr><td>038\/2019<\/td><td>MARIA EDUARDA NASCIMENTO RAFAEL<\/td><td>3<\/td><td>Desclassificado<\/td><\/tr><tr><td>039\/2019<\/td><td>LET\u00cdCIA MAGDA DA SILVA BRAZ<\/td><td>3<\/td><td>Desclassificado<\/td><\/tr><tr><td>041\/2019<\/td><td>RAILMA DA SILVA LIMA<\/td><td>3<\/td><td>Desclassificado<\/td><\/tr><tr><td>042\/2019<\/td><td>MILENA NASCIMENTO DA SILVA<\/td><td>3<\/td><td>Desclassificado<\/td><\/tr><tr><td>043\/2019<\/td><td>ADRIANO PEQUENO DE FREITAS<\/td><td>3<\/td><td>Desclassificado<\/td><\/tr><tr><td>044\/2019<\/td><td>DAIANE DA SILVA ARA\u00daJO<\/td><td>3<\/td><td>Desclassificado<\/td><\/tr><tr><td>045\/2019<\/td><td>ELAINE DE SOUZA CLEMENTE<\/td><td>3<\/td><td>Desclassificado<\/td><\/tr><tr><td>046\/2019<\/td><td>KAROLAINE CRISNEI SILVA ESTENDIO<\/td><td>3<\/td><td>Desclassificado<\/td><\/tr><tr><td>047\/2019<\/td><td>ROSANGELA MARIA BARBOSA LEITE<\/td><td>3<\/td><td>Desclassificado<\/td><\/tr><tr><td>048\/2019<\/td><td>NATALIA DE LIMA MORAIS<\/td><td>3<\/td><td>Desclassificado<\/td><\/tr><tr><td>049\/2019<\/td><td>ANA BEATRIZ BEZERRA DA SILVA<\/td><td>3<\/td><td>Desclassificado<\/td><\/tr><tr><td>050\/2019<\/td><td>TALITA POLIANA BEZERRA DOS SANTOS<\/td><td>3<\/td><td>Desclassificado<\/td><\/tr><tr><td>051\/2019<\/td><td>LUCAS BRITO DOS SANTOS<\/td><td>3<\/td><td>Desclassificado<\/td><\/tr><tr><td>052\/2019<\/td><td>OTACIANY ESTENDIO GON\u00c7ALVES<\/td><td>3<\/td><td>Desclassificado<\/td><\/tr><tr><td>053\/2019<\/td><td>KALINE DA SILVA SIM\u00d5ES<\/td><td>3<\/td><td>Desclassificado<\/td><\/tr><tr><td>054\/2019<\/td><td>INGRID TARLANE DE SOUZA OLIVEIRA<\/td><td>3<\/td><td>Desclassificado<\/td><\/tr><tr><td>055\/2019<\/td><td>TAIS FERNANDA FREITAS FEITOSA DA SILVA<\/td><td>3<\/td><td>Desclassificado<\/td><\/tr><tr><td>056\/2019<\/td><td>EMANUELLA KARLA DE SOUSA BRAZ<\/td><td>3<\/td><td>Desclassificado<\/td><\/tr><tr><td>057\/2019<\/td><td>CARLOS ANTONIO DA SILVA SOARES<\/td><td>3<\/td><td>Desclassificado<\/td><\/tr><tr><td>058\/2019<\/td><td>FERDINANDA DA SILVA SOARES<\/td><td>3<\/td><td>Desclassificado<\/td><\/tr><tr><td>062\/2019<\/td><td>JOSENIR DA SILVA MELO<\/td><td>3<\/td><td>Desclassificado<\/td><\/tr><tr><td>063\/2019<\/td><td>DEBORA BELINHO BATISTA<\/td><td>3<\/td><td>Desclassificado<\/td><\/tr><tr><td>064\/2019<\/td><td>ANDRESA PIRES DA COSTA<\/td><td>3<\/td><td>Desclassificado<\/td><\/tr><tr><td>065\/2019<\/td><td>GEORGIA MONIQUE BARROS DE SOUZA<\/td><td>3<\/td><td>Desclassificado<\/td><\/tr><tr><td>066\/2019<\/td><td>LUCINEIDE FENANDES DE LIRA<\/td><td>3<\/td><td>Desclassificado<\/td><\/tr><tr><td>069\/2010<\/td><td>VICTORIA CAROLINA PINHEIRO BATISTA<\/td><td>3<\/td><td>Desclassificado<\/td><\/tr><tr><td>072\/2019<\/td><td>TANIA MARIA FREITAS DE QUEIROZ<\/td><td>3<\/td><td>Desclassificado<\/td><\/tr><tr><td>073\/2019<\/td><td>LETICIA DE SOUSA SILVA<\/td><td>3<\/td><td>Desclassificado<\/td><\/tr><tr><td>074\/2019<\/td><td>GERLANIA FERREIRA DE MELO<\/td><td>3<\/td><td>Desclassificado<\/td><\/tr><tr><td>076\/2019<\/td><td>\u00c1UREA AZEVEDO COELHO NETA<\/td><td>3<\/td><td>Desclassificado<\/td><\/tr><tr><td>078\/2019<\/td><td>TAYSE RENALLY DE OLIVEIRA SOUSA<\/td><td>3<\/td><td>Desclassificado<\/td><\/tr><tr><td>080\/2019<\/td><td>MARIA LUCICLECIA DE FARIAS<\/td><td>3<\/td><td>Desclassificado<\/td><\/tr><tr><td>082\/2019<\/td><td>C\u00cdCERO BRENO DA SILVA FREITAS<\/td><td>3<\/td><td>Desclassificado<\/td><\/tr><tr><td>084\/2019<\/td><td>MARIA JOSILENE DA SILVA MELO<\/td><td>3<\/td><td>Desclassificado<\/td><\/tr><tr><td>085\/2019<\/td><td>MARIA K\u00c1TIA BATISTA DE SOUSA<\/td><td>3<\/td><td>Desclassificado<\/td><\/tr><tr><td>087\/2019<\/td><td>JOSE CAIO DE ARAUJO CORDEIRO<\/td><td>3<\/td><td>Desclassificado<\/td><\/tr><tr><td>089\/2019<\/td><td>ANA CLECIA FERNANDES DE OLIVEIRA<\/td><td>3<\/td><td>Desclassificado<\/td><\/tr><tr><td>091\/2019<\/td><td>MIRELA DE LIMA MACIEL<\/td><td>3<\/td><td>Desclassificado<\/td><\/tr><tr><td>093\/2019<\/td><td>DENNYS ANTONIO CALU\u00caTE DA ROCHA<\/td><td>3<\/td><td>Desclassificado<\/td><\/tr><tr><td>095\/2019<\/td><td>MARCELO RODRIGUES MARQUES<\/td><td>3<\/td><td>Desclassificado<\/td><\/tr><tr><td>096\/2019<\/td><td>GABRIELLE DOS SANTOS AMORIM<\/td><td>3<\/td><td>Desclassificado<\/td><\/tr><tr><td>097\/2019<\/td><td>LA\u00cdS CORDEIRO DE MENESES<\/td><td>3<\/td><td>Desclassificado<\/td><\/tr><tr><td>099\/2019<\/td><td>WILTON DA SILVA ALVES<\/td><td>3<\/td><td>Desclassificado<\/td><\/tr><tr><td>100\/2019<\/td><td>JOS\u00c9 LU\u00cdS ROZENDO BRAZ<\/td><td>3<\/td><td>Desclassificado<\/td><\/tr><tr><td>103\/2019<\/td><td>EDVANILSON FERNANDES DA MOTA<\/td><td>3<\/td><td>Desclassificado<\/td><\/tr><tr><td>104\/2019<\/td><td>ANA SU\u00c9LEN SILVA OLIVEIRA<\/td><td>3<\/td><td>Desclassificado<\/td><\/tr><tr><td>106\/2019<\/td><td>CL\u00c9BER RAMOM LIMA MAC\u00caDO<\/td><td>3<\/td><td>Desclassificado<\/td><\/tr><tr><td>108\/2019<\/td><td>ROSENILDA SILVA DE LIMA<\/td><td>3<\/td><td>Desclassificado<\/td><\/tr><tr><td>111\/2019<\/td><td>CAROLINE FERREIRA DA SILVA<\/td><td>3<\/td><td>Desclassificado<\/td><\/tr><tr><td>112\/2019<\/td><td>JARDIELE RODRIGUES DO NASCIMENTO<\/td><td>3<\/td><td>Desclassificado<\/td><\/tr><tr><td>117\/2019<\/td><td>REGIANE FERREIRA RODRIGUES<\/td><td>3<\/td><td>Desclassificado<\/td><\/tr><tr><td>119\/2019<\/td><td>LARISSA SILVA SOARES<\/td><td>3<\/td><td>Desclassificado<\/td><\/tr><tr><td>120\/2019<\/td><td>LUCAS MATHEUS OLIVEIRA DA SILVA<\/td><td>3<\/td><td>Desclassificado<\/td><\/tr><tr><td>121\/2019<\/td><td>MARILIA JESSICA ROQUE DE SOUSA<\/td><td>3<\/td><td>Desclassificado<\/td><\/tr><tr><td>123\/2019<\/td><td>JARDY WILNAIA ARAUJO SILVA<\/td><td>3<\/td><td>Desclassificado<\/td><\/tr><tr><td>124\/2019<\/td><td>FL\u00c1VIA RAFAELE DA SILVA BARBOSA<\/td><td>3<\/td><td>Desclassificado<\/td><\/tr><tr><td>127\/2019<\/td><td>FERNANDA ARA\u00daJO MACIEL<\/td><td>3<\/td><td>Desclassificado<\/td><\/tr><tr><td>132\/2019<\/td><td>G\u00c9SSICA RAYANE DE FARIAS SANTOS<\/td><td>3<\/td><td>Desclassificado<\/td><\/tr><tr><td>133\/2019<\/td><td>ANDRESSA AMORIM DE OLIVEIRA<\/td><td>3<\/td><td>Desclassificado<\/td><\/tr><tr><td>134\/2019<\/td><td>TA\u00cdZ EMANUELA BRAZ NUNES DE SOUZA<\/td><td>3<\/td><td>Desclassificado<\/td><\/tr><tr><td>135\/2019<\/td><td>ALDINEIDE DA SILVA ANGELO<\/td><td>3<\/td><td>Desclassificado<\/td><\/tr><tr><td>136\/2019<\/td><td>MARIA HUALAS DE FARIAS SILVA<\/td><td>3<\/td><td>Desclassificado<\/td><\/tr><tr><td>137\/2019<\/td><td>LESLEY CARLA LEITE DE FREITAS<\/td><td>3<\/td><td>Desclassificado<\/td><\/tr><tr><td>139\/2019<\/td><td>LUCIELMA GOMES DOS SANTOS<\/td><td>3<\/td><td>Desclassificado<\/td><\/tr><tr><td>143\/2019<\/td><td>MARCEL ARA\u00daJO BARBOSA<\/td><td>3<\/td><td>Desclassificado<\/td><\/tr><tr><td>144\/2019<\/td><td>JOS\u00c9 CRISPINIANO LOUREN\u00c7O BRITO<\/td><td>3<\/td><td>Desclassificado<\/td><\/tr><tr><td>148\/2019<\/td><td>CLARA ALBERTINA BEZERRA DA COSTA<\/td><td>3<\/td><td>Desclassificado<\/td><\/tr><\/tbody><\/table>\n\n\n\n<p>O per\u00edodo para interposi\u00e7\u00e3o de Recurso em rela\u00e7\u00e3o \u00e0 Primeira Fase do Processo Seletivo, ser\u00e1 das 08h \u00e0s 13h, de 05 de junho de 2019, no audit\u00f3rio do Programa Bolsa Fam\u00edlia, localizado na Rua Ant\u00f4nio Leite, 235 \u2013 Alto Alegre \u2013 Sum\u00e9 \u2013 Para\u00edba.<\/p>\n\n\n\n<p>A publica\u00e7\u00e3o dos Recursos em rela\u00e7\u00e3o \u00e0 Primeira Fase do&nbsp; Processo Seletivo ser\u00e1 em 06 de junho de 2019.<\/p>\n\n\n\n<p>Entenda-se por recurso, a solicita\u00e7\u00e3o formal entregue em duas vias (ao qual uma das vias ser\u00e1 assinada, datada e devolvida ao candidato) \u00e0 Comiss\u00e3o de Fiscaliza\u00e7\u00e3o e Acompanhamento para a verifica\u00e7\u00e3o dos documentos entregues no momento de inscri\u00e7\u00e3o pelo candidato. Em rela\u00e7\u00e3o \u00e0 primeira fase do processo seletivo, a comiss\u00e3o ou membro da comiss\u00e3o ir\u00e1 reavaliar a documenta\u00e7\u00e3o entregue em conjunto com o candidato.<\/p>\n\n\n\n<p>N\u00e3o ser\u00e3o aceitos os recursos interpostos em prazo destinado a evento diverso do questionado.<\/p>\n\n\n\n<p>Somente ser\u00e3o apreciados os recursos interpostos conforme as instru\u00e7\u00f5es contidas no Edital.<\/p>\n\n\n\n<p>N\u00e3o ser\u00e3o aceitos recursos interpostos por fac-s\u00edmile (fax), telex, telegrama, whatsapp, messenger ou facebook ou outro meio que n\u00e3o seja o especificado no Edital.<\/p>\n\n\n\n<p>Ascom PMS<\/p>\n","protected":false},"excerpt":{"rendered":"<p>A Comiss\u00e3o de Acompanhamento e Fiscaliza\u00e7\u00e3o, institu\u00edda pela Portaria n\u00ba 5.817\/2019, torna p\u00fablico, conforme previsto no item 5, subitens 5.2.1 e 5.2.1.1, o&nbsp;RESULTADO PARCIAL&nbsp;da Primeira&hellip; <\/p>\n","protected":false},"author":1,"featured_media":96472,"comment_status":"closed","ping_status":"closed","sticky":false,"template":"","format":"standard","meta":{"sfsi_plus_gutenberg_text_before_share":"","sfsi_plus_gutenberg_show_text_before_share":"","sfsi_plus_gutenberg_icon_type":"","sfsi_plus_gutenberg_icon_alignemt":"","sfsi_plus_gutenburg_max_per_row":"","footnotes":""},"categories":[2],"tags":[],"class_list":["post-98152","post","type-post","status-publish","format-standard","has-post-thumbnail","hentry","category-geral"],"_links":{"self":[{"href":"https:\/\/www.caririemacao.com\/1\/wp-json\/wp\/v2\/posts\/98152","targetHints":{"allow":["GET"]}}],"collection":[{"href":"https:\/\/www.caririemacao.com\/1\/wp-json\/wp\/v2\/posts"}],"about":[{"href":"https:\/\/www.caririemacao.com\/1\/wp-json\/wp\/v2\/types\/post"}],"author":[{"embeddable":true,"href":"https:\/\/www.caririemacao.com\/1\/wp-json\/wp\/v2\/users\/1"}],"replies":[{"embeddable":true,"href":"https:\/\/www.caririemacao.com\/1\/wp-json\/wp\/v2\/comments?post=98152"}],"version-history":[{"count":1,"href":"https:\/\/www.caririemacao.com\/1\/wp-json\/wp\/v2\/posts\/98152\/revisions"}],"predecessor-version":[{"id":98153,"href":"https:\/\/www.caririemacao.com\/1\/wp-json\/wp\/v2\/posts\/98152\/revisions\/98153"}],"wp:featuredmedia":[{"embeddable":true,"href":"https:\/\/www.caririemacao.com\/1\/wp-json\/wp\/v2\/media\/96472"}],"wp:attachment":[{"href":"https:\/\/www.caririemacao.com\/1\/wp-json\/wp\/v2\/media?parent=98152"}],"wp:term":[{"taxonomy":"category","embeddable":true,"href":"https:\/\/www.caririemacao.com\/1\/wp-json\/wp\/v2\/categories?post=98152"},{"taxonomy":"post_tag","embeddable":true,"href":"https:\/\/www.caririemacao.com\/1\/wp-json\/wp\/v2\/tags?post=98152"}],"curies":[{"name":"wp","href":"https:\/\/api.w.org\/{rel}","templated":true}]}}