{"id":98155,"date":"2019-06-04T14:36:06","date_gmt":"2019-06-04T17:36:06","guid":{"rendered":"http:\/\/www.caririemacao.com\/1\/?p=98155"},"modified":"2019-06-04T14:36:06","modified_gmt":"2019-06-04T17:36:06","slug":"cec-educacional-confirma-festa-junina-para-o-dia-11","status":"publish","type":"post","link":"https:\/\/www.caririemacao.com\/1\/2019\/06\/04\/cec-educacional-confirma-festa-junina-para-o-dia-11\/","title":{"rendered":"CEC EDUCACIONAL confirma festa junina para o dia 11"},"content":{"rendered":"\n<p>A dire\u00e7\u00e3o do CEC EDUCACIONAL mant\u00e9m este ano, a tradi\u00e7\u00e3o que faz a alegria dos alunos e equipe nos festejos juninos.<br>O S\u00e3o Jo\u00e3o do CEC Educacional em parceria com a Prefeitura Municipal de Monteiro est\u00e1 novamente confirmado e se aproxima, com expectativa de muita alegria, irrever\u00eancia, e descontra\u00e7\u00e3o em uma noite de comidas t\u00edpicas, quadrilhas juninas e muito mais.<br>Anote a\u00ed pra n\u00e3o perder, pois a festan\u00e7a ser\u00e1 no dia 11.<br>\u201cAguardamos voc\u00ea e sua fam\u00edlia\u201d, reafirmou o convite, o diretor da escola, professor C\u00edcero Roberto.<\/p>\n\n\n\n<p>F\u00c1BIO BRITO<\/p>\n","protected":false},"excerpt":{"rendered":"<p>A dire\u00e7\u00e3o do CEC EDUCACIONAL mant\u00e9m este ano, a tradi\u00e7\u00e3o que faz a alegria dos alunos e equipe nos festejos juninos.O S\u00e3o Jo\u00e3o do CEC&hellip; <\/p>\n","protected":false},"author":1,"featured_media":98156,"comment_status":"closed","ping_status":"closed","sticky":false,"template":"","format":"standard","meta":{"sfsi_plus_gutenberg_text_before_share":"","sfsi_plus_gutenberg_show_text_before_share":"","sfsi_plus_gutenberg_icon_type":"","sfsi_plus_gutenberg_icon_alignemt":"","sfsi_plus_gutenburg_max_per_row":"","footnotes":""},"categories":[6],"tags":[],"class_list":["post-98155","post","type-post","status-publish","format-standard","has-post-thumbnail","hentry","category-cidades"],"_links":{"self":[{"href":"https:\/\/www.caririemacao.com\/1\/wp-json\/wp\/v2\/posts\/98155","targetHints":{"allow":["GET"]}}],"collection":[{"href":"https:\/\/www.caririemacao.com\/1\/wp-json\/wp\/v2\/posts"}],"about":[{"href":"https:\/\/www.caririemacao.com\/1\/wp-json\/wp\/v2\/types\/post"}],"author":[{"embeddable":true,"href":"https:\/\/www.caririemacao.com\/1\/wp-json\/wp\/v2\/users\/1"}],"replies":[{"embeddable":true,"href":"https:\/\/www.caririemacao.com\/1\/wp-json\/wp\/v2\/comments?post=98155"}],"version-history":[{"count":1,"href":"https:\/\/www.caririemacao.com\/1\/wp-json\/wp\/v2\/posts\/98155\/revisions"}],"predecessor-version":[{"id":98157,"href":"https:\/\/www.caririemacao.com\/1\/wp-json\/wp\/v2\/posts\/98155\/revisions\/98157"}],"wp:featuredmedia":[{"embeddable":true,"href":"https:\/\/www.caririemacao.com\/1\/wp-json\/wp\/v2\/media\/98156"}],"wp:attachment":[{"href":"https:\/\/www.caririemacao.com\/1\/wp-json\/wp\/v2\/media?parent=98155"}],"wp:term":[{"taxonomy":"category","embeddable":true,"href":"https:\/\/www.caririemacao.com\/1\/wp-json\/wp\/v2\/categories?post=98155"},{"taxonomy":"post_tag","embeddable":true,"href":"https:\/\/www.caririemacao.com\/1\/wp-json\/wp\/v2\/tags?post=98155"}],"curies":[{"name":"wp","href":"https:\/\/api.w.org\/{rel}","templated":true}]}}