{"id":98160,"date":"2019-06-04T14:40:21","date_gmt":"2019-06-04T17:40:21","guid":{"rendered":"http:\/\/www.caririemacao.com\/1\/?p=98160"},"modified":"2019-06-04T14:40:21","modified_gmt":"2019-06-04T17:40:21","slug":"campanha-de-vacinacao-contra-gripe-tem-continuidade-em-monteiro","status":"publish","type":"post","link":"https:\/\/www.caririemacao.com\/1\/2019\/06\/04\/campanha-de-vacinacao-contra-gripe-tem-continuidade-em-monteiro\/","title":{"rendered":"Campanha de vacina\u00e7\u00e3o contra gripe tem continuidade em Monteiro"},"content":{"rendered":"\n<div class=\"wp-block-image\"><figure class=\"alignleft\"><img decoding=\"async\" data-src=\"https:\/\/i0.wp.com\/www.vitrinedocariri.com.br\/wp-content\/uploads\/2018\/06\/imunizacao2.jpeg?zoom=2&amp;resize=330%2C279&amp;ssl=1\" alt=\"\" class=\"wp-image-16337 lazyload\" src=\"data:image\/svg+xml;base64,PHN2ZyB3aWR0aD0iMSIgaGVpZ2h0PSIxIiB4bWxucz0iaHR0cDovL3d3dy53My5vcmcvMjAwMC9zdmciPjwvc3ZnPg==\" \/><\/figure><\/div>\n\n\n\n<p>O Munic\u00edpio de Monteiro j\u00e1 vacinou mais de 85% das pessoas dos grupos priorit\u00e1rios contra a gripe, de acordo com dados fornecidos pela Vigil\u00e2ncia em Sa\u00fade.<\/p>\n\n\n\n<p>A campanha foi iniciada em abril e, desde ent\u00e3o, foram imunizadas crian\u00e7as, pessoas com comorbidades, profissionais de sa\u00fade, idosos, gestantes, professores e pu\u00e9rperas.<\/p>\n\n\n\n<p><strong>Outros grupos<\/strong><\/p>\n\n\n\n<p>A Secretaria de Sa\u00fade tamb\u00e9m realizou uma a\u00e7\u00e3o especial para imunizar a popula\u00e7\u00e3o carcer\u00e1ria e trabalhadores da Cadeia P\u00fablica de Monteiro. \u201cA vacina\u00e7\u00e3o evita complica\u00e7\u00f5es futuras como pneumonias\u201d, enfatiza a diretora da Vigil\u00e2ncia, Silvana Silva. \u201c\u00c9 de grande import\u00e2ncia que todos dos grupos priorit\u00e1rios compare\u00e7am aos postos de sa\u00fade. Fazemos um apelo especial aos pais, para que levem os filhos aos postos, e \u00e0s gestantes, para prote\u00e7\u00e3o das m\u00e3es e beb\u00eas\u201d, completa.<\/p>\n\n\n\n<p>\u201cA vacina \u00e9 segura e eficaz. Ela n\u00e3o provoca gripe em quem tomar a dose, j\u00e1 que \u00e9 composta apenas de fragmentos do v\u00edrus que causam a devida prote\u00e7\u00e3o, por\u00e9m s\u00e3o incapazes de causar a doen\u00e7a\u201d, afirma a diretora.<\/p>\n\n\n\n<p>Segundo recomenda\u00e7\u00e3o da OMS (Organiza\u00e7\u00e3o Mundial de Sa\u00fade), a vacina de 2019 previne a popula\u00e7\u00e3o-alvo contra o v\u00edrus Influenza dos tipos A (H1N1), A (H3N2) e B.<\/p>\n\n\n\n<p><strong>Pessoas fora do grupo priorit\u00e1rio<\/strong><\/p>\n\n\n\n<p>A vacina contra gripe continua dispon\u00edvel nos postos de sa\u00fade do munic\u00edpio, por\u00e9m, apenas dispon\u00edvel para os grupos priorit\u00e1rios. \u201cO Minist\u00e9rio da Sa\u00fade n\u00e3o disponibilizou mais doses para o munic\u00edpio, como foi feito para algumas cidades do pa\u00eds, portanto, reiteramos que as vacinas s\u00e3o apenas para os priorit\u00e1rios\u201d, confirma Silvana Silva.<\/p>\n","protected":false},"excerpt":{"rendered":"<p>O Munic\u00edpio de Monteiro j\u00e1 vacinou mais de 85% das pessoas dos grupos priorit\u00e1rios contra a gripe, de acordo com dados fornecidos pela Vigil\u00e2ncia em&hellip; <\/p>\n","protected":false},"author":1,"featured_media":98161,"comment_status":"closed","ping_status":"closed","sticky":false,"template":"","format":"standard","meta":{"sfsi_plus_gutenberg_text_before_share":"","sfsi_plus_gutenberg_show_text_before_share":"","sfsi_plus_gutenberg_icon_type":"","sfsi_plus_gutenberg_icon_alignemt":"","sfsi_plus_gutenburg_max_per_row":"","footnotes":""},"categories":[6,50],"tags":[],"class_list":["post-98160","post","type-post","status-publish","format-standard","has-post-thumbnail","hentry","category-cidades","category-destaque"],"_links":{"self":[{"href":"https:\/\/www.caririemacao.com\/1\/wp-json\/wp\/v2\/posts\/98160","targetHints":{"allow":["GET"]}}],"collection":[{"href":"https:\/\/www.caririemacao.com\/1\/wp-json\/wp\/v2\/posts"}],"about":[{"href":"https:\/\/www.caririemacao.com\/1\/wp-json\/wp\/v2\/types\/post"}],"author":[{"embeddable":true,"href":"https:\/\/www.caririemacao.com\/1\/wp-json\/wp\/v2\/users\/1"}],"replies":[{"embeddable":true,"href":"https:\/\/www.caririemacao.com\/1\/wp-json\/wp\/v2\/comments?post=98160"}],"version-history":[{"count":1,"href":"https:\/\/www.caririemacao.com\/1\/wp-json\/wp\/v2\/posts\/98160\/revisions"}],"predecessor-version":[{"id":98162,"href":"https:\/\/www.caririemacao.com\/1\/wp-json\/wp\/v2\/posts\/98160\/revisions\/98162"}],"wp:featuredmedia":[{"embeddable":true,"href":"https:\/\/www.caririemacao.com\/1\/wp-json\/wp\/v2\/media\/98161"}],"wp:attachment":[{"href":"https:\/\/www.caririemacao.com\/1\/wp-json\/wp\/v2\/media?parent=98160"}],"wp:term":[{"taxonomy":"category","embeddable":true,"href":"https:\/\/www.caririemacao.com\/1\/wp-json\/wp\/v2\/categories?post=98160"},{"taxonomy":"post_tag","embeddable":true,"href":"https:\/\/www.caririemacao.com\/1\/wp-json\/wp\/v2\/tags?post=98160"}],"curies":[{"name":"wp","href":"https:\/\/api.w.org\/{rel}","templated":true}]}}