{"id":98171,"date":"2019-06-04T16:58:21","date_gmt":"2019-06-04T19:58:21","guid":{"rendered":"http:\/\/www.caririemacao.com\/1\/?p=98171"},"modified":"2019-06-04T16:58:21","modified_gmt":"2019-06-04T19:58:21","slug":"if-sertao-de-pernambuco-divulga-edital-com-salario-de-ate-r-10-mil","status":"publish","type":"post","link":"https:\/\/www.caririemacao.com\/1\/2019\/06\/04\/if-sertao-de-pernambuco-divulga-edital-com-salario-de-ate-r-10-mil\/","title":{"rendered":"IF Sert\u00e3o de Pernambuco divulga edital com sal\u00e1rio de at\u00e9 R$ 10 mil"},"content":{"rendered":"\n<p>O Instituto Federal do Sert\u00e3o Pernambucano divulgou um novo edital de concurso com 20 vagas para professor de ensino b\u00e1sico, t\u00e9cnico e tecnol\u00f3gico.&nbsp;O edital foi publicado na edi\u00e7\u00e3o do Di\u00e1rio Oficial da Uni\u00e3o desta ter\u00e7a-feira (04).<\/p>\n\n\n\n<p>As vagas est\u00e3o distribu\u00eddas em ampla concorr\u00eancia e para candidatos negros, sem reserva para deficientes. As inscri\u00e7\u00f5es ter\u00e3o in\u00edcio na pr\u00f3xima sexta-feira (06) e ir\u00e3o at\u00e9 o dia 03 de julho.&nbsp;<\/p>\n\n\n\n<p><a href=\"http:\/\/www.in.gov.br\/en\/web\/dou\/-\/edital-n-33-de-31-de-maio-de-2019-concurso-publico-de-provas-e-titulos-152073013\">Confira aqui o edital<\/a>.<\/p>\n\n\n\n<p>A taxa de inscri\u00e7\u00e3o \u00e9 de R$ 120,00. As provas objetivas e dissertativas est\u00e3o previstas para acontecer no dia 18 de agosto.&nbsp;&nbsp;<\/p>\n\n\n\n<p>A remunera\u00e7\u00e3o inicial pode ultrapassar R$ 10 mil, de acordo com a titula\u00e7\u00e3o. O vencimento b\u00e1sico inicial \u00e9 de R$ 4.463.93, e com o aux\u00edlio alimenta\u00e7\u00e3o de R$ 458 soma R$ 4.921,93.<\/p>\n\n\n\n<p>Com a retribui\u00e7\u00e3o por titula\u00e7\u00e3o, os servidores poder\u00e3o recebe R$ 5.350,44 (aperfei\u00e7oamento); R$ 5.746,05 (especializa\u00e7\u00e3o); R$ 7.126,20 (mestrado); e R$ 10.058,92 (doutorado), al\u00e9m de outros benef\u00edcios.&nbsp;<\/p>\n\n\n\n<p>Todos os cargos exigem gradua\u00e7\u00e3o na respectiva \u00e1rea, que s\u00e3o: Arquitetura, Engenharia Civil, Filosofia, L\u00edngua Portuguesa, Matem\u00e1tica, F\u00edsica, Qu\u00edmica, Sociologia, Inform\u00e1tica, Pedagogia, Agroind\u00fastria e Fitossanidade.<\/p>\n\n\n\n<p>Confira abaixo:<\/p>\n\n\n\n<figure class=\"wp-block-image\"><img decoding=\"async\" data-src=\"https:\/\/www.clickpb.com.br\/media\/filer_public\/6a\/98\/6a980efc-d731-43b2-b1a9-da14b97d7491\/diario_oficial_da_uniao.jpeg\" alt=\"\" src=\"data:image\/svg+xml;base64,PHN2ZyB3aWR0aD0iMSIgaGVpZ2h0PSIxIiB4bWxucz0iaHR0cDovL3d3dy53My5vcmcvMjAwMC9zdmciPjwvc3ZnPg==\" class=\"lazyload\" \/><\/figure>\n","protected":false},"excerpt":{"rendered":"<p>O Instituto Federal do Sert\u00e3o Pernambucano divulgou um novo edital de concurso com 20 vagas para professor de ensino b\u00e1sico, t\u00e9cnico e tecnol\u00f3gico.&nbsp;O edital foi&hellip; <\/p>\n","protected":false},"author":1,"featured_media":84247,"comment_status":"closed","ping_status":"closed","sticky":false,"template":"","format":"standard","meta":{"sfsi_plus_gutenberg_text_before_share":"","sfsi_plus_gutenberg_show_text_before_share":"","sfsi_plus_gutenberg_icon_type":"","sfsi_plus_gutenberg_icon_alignemt":"","sfsi_plus_gutenburg_max_per_row":"","footnotes":""},"categories":[2],"tags":[],"class_list":["post-98171","post","type-post","status-publish","format-standard","has-post-thumbnail","hentry","category-geral"],"_links":{"self":[{"href":"https:\/\/www.caririemacao.com\/1\/wp-json\/wp\/v2\/posts\/98171","targetHints":{"allow":["GET"]}}],"collection":[{"href":"https:\/\/www.caririemacao.com\/1\/wp-json\/wp\/v2\/posts"}],"about":[{"href":"https:\/\/www.caririemacao.com\/1\/wp-json\/wp\/v2\/types\/post"}],"author":[{"embeddable":true,"href":"https:\/\/www.caririemacao.com\/1\/wp-json\/wp\/v2\/users\/1"}],"replies":[{"embeddable":true,"href":"https:\/\/www.caririemacao.com\/1\/wp-json\/wp\/v2\/comments?post=98171"}],"version-history":[{"count":1,"href":"https:\/\/www.caririemacao.com\/1\/wp-json\/wp\/v2\/posts\/98171\/revisions"}],"predecessor-version":[{"id":98172,"href":"https:\/\/www.caririemacao.com\/1\/wp-json\/wp\/v2\/posts\/98171\/revisions\/98172"}],"wp:featuredmedia":[{"embeddable":true,"href":"https:\/\/www.caririemacao.com\/1\/wp-json\/wp\/v2\/media\/84247"}],"wp:attachment":[{"href":"https:\/\/www.caririemacao.com\/1\/wp-json\/wp\/v2\/media?parent=98171"}],"wp:term":[{"taxonomy":"category","embeddable":true,"href":"https:\/\/www.caririemacao.com\/1\/wp-json\/wp\/v2\/categories?post=98171"},{"taxonomy":"post_tag","embeddable":true,"href":"https:\/\/www.caririemacao.com\/1\/wp-json\/wp\/v2\/tags?post=98171"}],"curies":[{"name":"wp","href":"https:\/\/api.w.org\/{rel}","templated":true}]}}