{"id":98179,"date":"2019-06-04T17:00:45","date_gmt":"2019-06-04T20:00:45","guid":{"rendered":"http:\/\/www.caririemacao.com\/1\/?p=98179"},"modified":"2019-06-04T17:00:45","modified_gmt":"2019-06-04T20:00:45","slug":"guedes-diz-que-suspendera-concursos-publicos-porque-ha-servidores-de-mais","status":"publish","type":"post","link":"https:\/\/www.caririemacao.com\/1\/2019\/06\/04\/guedes-diz-que-suspendera-concursos-publicos-porque-ha-servidores-de-mais\/","title":{"rendered":"Guedes diz que suspender\u00e1 concursos p\u00fablicos porque h\u00e1 servidores de mais"},"content":{"rendered":"\n<p>O ministro da Economia, Paulo Guedes, afirmou na tarde desta ter\u00e7a-feira (4), que os governos anteriores contrataram servidores p\u00fablicos em excesso e concederam reajustes salariais &#8220;ferozmente&#8221;.&nbsp;<\/p>\n\n\n\n<p>Ele participa hoje de audi\u00eancia sobre a reforma da Previd\u00eancia na Comiss\u00e3o de Finan\u00e7as e Tributa\u00e7\u00e3o da C\u00e2mara dos Deputados. Acompanhe ao vivo:<\/p>\n\n\n\n<figure><iframe width=\"500\" height=\"281\" data-src=\"https:\/\/www.youtube.com\/embed\/2uegJvkPT64\" allowfullscreen=\"\" src=\"data:image\/svg+xml;base64,PHN2ZyB3aWR0aD0iMSIgaGVpZ2h0PSIxIiB4bWxucz0iaHR0cDovL3d3dy53My5vcmcvMjAwMC9zdmciPjwvc3ZnPg==\" class=\"lazyload\" data-load-mode=\"1\"><\/iframe><\/figure>\n\n\n\n<p>Segundo o ministro, como consequ\u00eancia do incha\u00e7o da m\u00e1quina p\u00fablica, o governo optar\u00e1 por n\u00e3o realizar concursos p\u00fablicos nos pr\u00f3ximos anos. Ele n\u00e3o disse por quanto tempo os processos seletivos ficar\u00e3o suspensos.<\/p>\n\n\n\n<p>&#8220;Nas nossas contas, 40% dos funcion\u00e1rios p\u00fablicos devem se aposentar nos pr\u00f3ximos cinco anos. Em vez de admitir militantes nossos, vamos deixar a m\u00e1quina ficar mais eficiente atrav\u00e9s de digitaliza\u00e7\u00e3o&#8221;, disse.&nbsp;<\/p>\n\n\n\n<p>Para o ministro, o &#8220;desincha\u00e7o&#8221; da m\u00e1quina p\u00fablica ocorrer\u00e1 sem briga, sem demiss\u00f5es e sem aparelhamento.&nbsp;<\/p>\n\n\n\n<p>&#8220;N\u00e3o precisa demitir. Basta desacelerar as entradas&#8221;, afirmou.<\/p>\n","protected":false},"excerpt":{"rendered":"<p>O ministro da Economia, Paulo Guedes, afirmou na tarde desta ter\u00e7a-feira (4), que os governos anteriores contrataram servidores p\u00fablicos em excesso e concederam reajustes salariais&hellip; <\/p>\n","protected":false},"author":1,"featured_media":92302,"comment_status":"closed","ping_status":"closed","sticky":false,"template":"","format":"standard","meta":{"sfsi_plus_gutenberg_text_before_share":"","sfsi_plus_gutenberg_show_text_before_share":"","sfsi_plus_gutenberg_icon_type":"","sfsi_plus_gutenberg_icon_alignemt":"","sfsi_plus_gutenburg_max_per_row":"","footnotes":""},"categories":[11],"tags":[],"class_list":["post-98179","post","type-post","status-publish","format-standard","has-post-thumbnail","hentry","category-politica"],"_links":{"self":[{"href":"https:\/\/www.caririemacao.com\/1\/wp-json\/wp\/v2\/posts\/98179","targetHints":{"allow":["GET"]}}],"collection":[{"href":"https:\/\/www.caririemacao.com\/1\/wp-json\/wp\/v2\/posts"}],"about":[{"href":"https:\/\/www.caririemacao.com\/1\/wp-json\/wp\/v2\/types\/post"}],"author":[{"embeddable":true,"href":"https:\/\/www.caririemacao.com\/1\/wp-json\/wp\/v2\/users\/1"}],"replies":[{"embeddable":true,"href":"https:\/\/www.caririemacao.com\/1\/wp-json\/wp\/v2\/comments?post=98179"}],"version-history":[{"count":1,"href":"https:\/\/www.caririemacao.com\/1\/wp-json\/wp\/v2\/posts\/98179\/revisions"}],"predecessor-version":[{"id":98180,"href":"https:\/\/www.caririemacao.com\/1\/wp-json\/wp\/v2\/posts\/98179\/revisions\/98180"}],"wp:featuredmedia":[{"embeddable":true,"href":"https:\/\/www.caririemacao.com\/1\/wp-json\/wp\/v2\/media\/92302"}],"wp:attachment":[{"href":"https:\/\/www.caririemacao.com\/1\/wp-json\/wp\/v2\/media?parent=98179"}],"wp:term":[{"taxonomy":"category","embeddable":true,"href":"https:\/\/www.caririemacao.com\/1\/wp-json\/wp\/v2\/categories?post=98179"},{"taxonomy":"post_tag","embeddable":true,"href":"https:\/\/www.caririemacao.com\/1\/wp-json\/wp\/v2\/tags?post=98179"}],"curies":[{"name":"wp","href":"https:\/\/api.w.org\/{rel}","templated":true}]}}