{"id":98183,"date":"2019-06-04T17:04:21","date_gmt":"2019-06-04T20:04:21","guid":{"rendered":"http:\/\/www.caririemacao.com\/1\/?p=98183"},"modified":"2019-06-04T17:04:21","modified_gmt":"2019-06-04T20:04:21","slug":"pb-tem-24-mortes-confirmadas-para-dengue-zika-e-chikungunya-e-outras-13-sao-investigadas","status":"publish","type":"post","link":"https:\/\/www.caririemacao.com\/1\/2019\/06\/04\/pb-tem-24-mortes-confirmadas-para-dengue-zika-e-chikungunya-e-outras-13-sao-investigadas\/","title":{"rendered":"PB tem 24 mortes confirmadas para dengue, zika e chikungunya e outras 13 s\u00e3o investigadas"},"content":{"rendered":"\n<p>A Para\u00edba tem 24 \u00f3bitos confirmados para dengue, zika e chikungunya e 13 em investiga\u00e7\u00e3o. Os dados foram divulgados nesta ter\u00e7a-feira (4) pela Secretaria de Estado da Sa\u00fade (SES) da Para\u00edba e constam no relat\u00f3rio da 19\u00aa Semana Epidemiol\u00f3gica.<\/p>\n\n\n\n<p>Das 24 mortes confirmadas por arboviroses, foram duas confirmadas para dengue (em Araruna e Jo\u00e3o Pessoa) e uma confirmada para Zika (tamb\u00e9m na Capital). Oito \u00f3bitos j\u00e1 foram descartados (Alagoa Nova (1), Areia (1), Campina Grande (2), Sousa (1), Serra Redonda (1), Soledade (1), e Umbuzeiro (1)) ap\u00f3s exames e investiga\u00e7\u00e3o do munic\u00edpio.<\/p>\n\n\n\n<p>Os 13 \u00f3bitos em investiga\u00e7\u00e3o s\u00e3o em Bayeux (1), Cacimba de Areia (1), Jo\u00e3o Pessoa (4), Campina Grande (2), Conde (1), Fagundes (1), Junco do Serid\u00f3 (1), Santa Rita (1) e Sol\u00e2nea (1). Dos \u00f3bitos que est\u00e3o em investiga\u00e7\u00e3o, quatro foram notificados pelo Servi\u00e7o de Verifica\u00e7\u00e3o de \u00d3bito (SVO), o que remete a exames mais espec\u00edficos junto aos laborat\u00f3rios de refer\u00eancia que, em m\u00e9dia, demoram 30 dias.<\/p>\n\n\n\n<p>\u201c\u00c9 oportuno lembrar da necessidade da solicita\u00e7\u00e3o de exames durante a suspeita cl\u00ednica para os agravos, evitando que tal situa\u00e7\u00e3o s\u00f3 possa ser evidenciada ap\u00f3s o \u00f3bito do usu\u00e1rio. Exames realizados de forma oportuna auxiliam na conduta cl\u00ednica e evitam situa\u00e7\u00f5es como a evid\u00eancia de um agravo s\u00f3 a partir de uma notifica\u00e7\u00e3o do SVO\u201d, disse a gerente executiva de Vigil\u00e2ncia em Sa\u00fade da SES, Talita Tavares.<\/p>\n\n\n\n<p>Dentre os casos sinalizados como \u00f3bitos suspeitos de arboviroses, chama a aten\u00e7\u00e3o o fato de 58,3% terem idade abaixo de 15 anos. Somando-se a este fato os dois casos confirmados (um de dengue e um de zika) s\u00e3o crian\u00e7as de cinco anos abaixo. Um fato relevante que deve chamar aten\u00e7\u00e3o da Sociedade de Pediatria, como da popula\u00e7\u00e3o em geral.<\/p>\n\n\n\n<p>\u201cAo analisarmos as investiga\u00e7\u00f5es observamos que as crian\u00e7as ao entrarem em um servi\u00e7o assistencial com sinais de alerta, muitas vezes s\u00e3o encaminhadas para casa sem observa\u00e7\u00e3o adequada. Arboviroses s\u00e3o viroses e possuem protocolos espec\u00edficos que devem ser seguidos, assim, o Protocolo de Manejo Cl\u00ednico e Estratifica\u00e7\u00e3o de Risco deve ser utilizado para todos os casos suspeitos\u201d, explicou Talita Tavares.<\/p>\n\n\n\n<p>Os \u00f3bitos suspeitos s\u00e3o de notifica\u00e7\u00e3o imediata, no per\u00edodo de 24 horas, conforme Portaria Consolidada N\u00ba 04, de 28 de setembro de 2017. Toda suspeita deve ser investigada no \u00e2mbito domiciliar, ambulatorial e hospitalar utilizando o Protocolo de Investiga\u00e7\u00e3o de \u00d3bito por Arbov\u00edrus Urbano no Brasil emitido pelo Minist\u00e9rio da Sa\u00fade.<\/p>\n\n\n\n<p><strong>Munic\u00edpios<\/strong><\/p>\n\n\n\n<p>Entre os munic\u00edpios da Para\u00edba com incid\u00eancia das tr\u00eas arboviroses (consolidadas acima de 300 por 100 mil habitantes) temos: Teixeira, Matur\u00e9ia, Areia, Lucena, S\u00e3o Sebasti\u00e3o do Umbuzeiro, Princesa Isabel, Alagoa Nova, Esperan\u00e7a, Cacimba de Dentro, Conde, Sert\u00e3ozinho, Bara\u00fana, Caapor\u00e3, Araruna, Casserengue, Lagoa de Dentro, Tapero\u00e1, S\u00e3o Jos\u00e9 de Princesa e Juripiranga. Dessa forma, a SES orienta a intensifica\u00e7\u00e3o das a\u00e7\u00f5es de campo de combate ao Aedes e o refor\u00e7o das buscas ativas de casos suspeitos para detec\u00e7\u00e3o precoce dos casos, evitando-se o agravamento.<\/p>\n\n\n\n<p><strong>A\u00e7\u00f5es<\/strong><\/p>\n\n\n\n<p>Segundo a Secretaria de Estado da Sa\u00fade, o carro fumac\u00ea segue cronograma de execu\u00e7\u00e3o de acordo com os \u00edndices de infesta\u00e7\u00e3o e\/ou ocorr\u00eancia de \u00f3bitos. Por\u00e9m, antes do trabalho de carro fumac\u00ea diminuindo a densidade dos mosquitos naquele territ\u00f3rio, a SES informa que se tem como principal trabalho o de campo (o dia a dia dos Agentes de Combate \u00e0s Endemias) e o cuidado de cada usu\u00e1rio com seu domic\u00edlio.<\/p>\n\n\n\n<p>A SES, por meio da GEVS, disse ainda que segue qualificando a rede assistencial, organizando o fluxo de amostras junto ao Laborat\u00f3rio Central de Sa\u00fade P\u00fablica da Para\u00edba (Lacen), qualificando os dados epidemiol\u00f3gicos para melhor nortear o trabalho de cada gestor municipal, dando suporte \u00e0s a\u00e7\u00f5es de campo com o Ultra Baixo Volume (UBV) pesado, disponibilizando material e equipe de entomologia para as a\u00e7\u00f5es e mobiliza\u00e7\u00f5es, trabalhando junto aos munic\u00edpios com equipe t\u00e9cnica de vigil\u00e2ncia ambiental de cada Ger\u00eancia Regional de Sa\u00fade.<\/p>\n","protected":false},"excerpt":{"rendered":"<p>A Para\u00edba tem 24 \u00f3bitos confirmados para dengue, zika e chikungunya e 13 em investiga\u00e7\u00e3o. Os dados foram divulgados nesta ter\u00e7a-feira (4) pela Secretaria de&hellip; <\/p>\n","protected":false},"author":1,"featured_media":89213,"comment_status":"closed","ping_status":"closed","sticky":false,"template":"","format":"standard","meta":{"sfsi_plus_gutenberg_text_before_share":"","sfsi_plus_gutenberg_show_text_before_share":"","sfsi_plus_gutenberg_icon_type":"","sfsi_plus_gutenberg_icon_alignemt":"","sfsi_plus_gutenburg_max_per_row":"","footnotes":""},"categories":[16],"tags":[],"class_list":["post-98183","post","type-post","status-publish","format-standard","has-post-thumbnail","hentry","category-saude"],"_links":{"self":[{"href":"https:\/\/www.caririemacao.com\/1\/wp-json\/wp\/v2\/posts\/98183","targetHints":{"allow":["GET"]}}],"collection":[{"href":"https:\/\/www.caririemacao.com\/1\/wp-json\/wp\/v2\/posts"}],"about":[{"href":"https:\/\/www.caririemacao.com\/1\/wp-json\/wp\/v2\/types\/post"}],"author":[{"embeddable":true,"href":"https:\/\/www.caririemacao.com\/1\/wp-json\/wp\/v2\/users\/1"}],"replies":[{"embeddable":true,"href":"https:\/\/www.caririemacao.com\/1\/wp-json\/wp\/v2\/comments?post=98183"}],"version-history":[{"count":1,"href":"https:\/\/www.caririemacao.com\/1\/wp-json\/wp\/v2\/posts\/98183\/revisions"}],"predecessor-version":[{"id":98184,"href":"https:\/\/www.caririemacao.com\/1\/wp-json\/wp\/v2\/posts\/98183\/revisions\/98184"}],"wp:featuredmedia":[{"embeddable":true,"href":"https:\/\/www.caririemacao.com\/1\/wp-json\/wp\/v2\/media\/89213"}],"wp:attachment":[{"href":"https:\/\/www.caririemacao.com\/1\/wp-json\/wp\/v2\/media?parent=98183"}],"wp:term":[{"taxonomy":"category","embeddable":true,"href":"https:\/\/www.caririemacao.com\/1\/wp-json\/wp\/v2\/categories?post=98183"},{"taxonomy":"post_tag","embeddable":true,"href":"https:\/\/www.caririemacao.com\/1\/wp-json\/wp\/v2\/tags?post=98183"}],"curies":[{"name":"wp","href":"https:\/\/api.w.org\/{rel}","templated":true}]}}