{"id":98190,"date":"2019-06-04T17:10:44","date_gmt":"2019-06-04T20:10:44","guid":{"rendered":"http:\/\/www.caririemacao.com\/1\/?p=98190"},"modified":"2019-06-04T17:10:44","modified_gmt":"2019-06-04T20:10:44","slug":"deputado-pede-a-alpb-revogacao-de-titulo-de-cidadania-de-lula","status":"publish","type":"post","link":"https:\/\/www.caririemacao.com\/1\/2019\/06\/04\/deputado-pede-a-alpb-revogacao-de-titulo-de-cidadania-de-lula\/","title":{"rendered":"Deputado pede \u00e0 ALPB revoga\u00e7\u00e3o de t\u00edtulo de cidadania de Lula"},"content":{"rendered":"\n<p>O deputado estadual Walber Virgolino (Patriota) pediu, durante a sess\u00e3o desta ter\u00e7a-feira (4), urg\u00eancia para que Assembleia Legislativa da Para\u00edba (ALPB) apreciasse a concess\u00e3o do T\u00edtulo de Cidad\u00e3o Paraibano para o vice-presidente da Rep\u00fablica, Hamilton Mour\u00e3o, e o ministro da Seguran\u00e7a e Justi\u00e7a, S\u00e9rgio Moro.<\/p>\n\n\n\n<p>Em justificativa aos requerimentos, o parlamentar frisou que Hamilton Mour\u00e3o, por ser vice-presidente da Rep\u00fablica, n\u00e3o precisa de nenhuma benfeitoria para a comenda e que Sergio Moro merece a honraria pelo trabalho contra a corrup\u00e7\u00e3o.<\/p>\n\n\n\n<p>Al\u00e9m disso, Walber pediu que a Assembleia a revogasse o T\u00edtulo de Cidad\u00e3o Paraibano do ex-presidente Luiz In\u00e1cio Lula da Silva (PT), que atualmente encontra-se preso em Curitiba.<\/p>\n\n\n\n<p>\u2013 A gente fala em combate a corrup\u00e7\u00e3o, em preservar a moralidade p\u00fablica. O ex-presidente Lula responde a v\u00e1rios processos e \u00e9 condenado em segunda inst\u00e2ncia. Eu n\u00e3o quero um conterr\u00e2neo criminoso. Muita gente valoriza, porque politiza a situa\u00e7\u00e3o. O Brasil s\u00f3 vai crescer, a Para\u00edba s\u00f3 vai crescer, quando parar de passar a m\u00e3o na cabe\u00e7a de bandido. Eu n\u00e3o tenho bandido de estima\u00e7\u00e3o \u2013 explanou.<\/p>\n\n\n\n<p>Os requerimentos foram negados em vota\u00e7\u00e3o na Casa.<\/p>\n","protected":false},"excerpt":{"rendered":"<p>O deputado estadual Walber Virgolino (Patriota) pediu, durante a sess\u00e3o desta ter\u00e7a-feira (4), urg\u00eancia para que Assembleia Legislativa da Para\u00edba (ALPB) apreciasse a concess\u00e3o do&hellip; <\/p>\n","protected":false},"author":1,"featured_media":98191,"comment_status":"closed","ping_status":"closed","sticky":false,"template":"","format":"standard","meta":{"sfsi_plus_gutenberg_text_before_share":"","sfsi_plus_gutenberg_show_text_before_share":"","sfsi_plus_gutenberg_icon_type":"","sfsi_plus_gutenberg_icon_alignemt":"","sfsi_plus_gutenburg_max_per_row":"","footnotes":""},"categories":[11],"tags":[],"class_list":["post-98190","post","type-post","status-publish","format-standard","has-post-thumbnail","hentry","category-politica"],"_links":{"self":[{"href":"https:\/\/www.caririemacao.com\/1\/wp-json\/wp\/v2\/posts\/98190","targetHints":{"allow":["GET"]}}],"collection":[{"href":"https:\/\/www.caririemacao.com\/1\/wp-json\/wp\/v2\/posts"}],"about":[{"href":"https:\/\/www.caririemacao.com\/1\/wp-json\/wp\/v2\/types\/post"}],"author":[{"embeddable":true,"href":"https:\/\/www.caririemacao.com\/1\/wp-json\/wp\/v2\/users\/1"}],"replies":[{"embeddable":true,"href":"https:\/\/www.caririemacao.com\/1\/wp-json\/wp\/v2\/comments?post=98190"}],"version-history":[{"count":1,"href":"https:\/\/www.caririemacao.com\/1\/wp-json\/wp\/v2\/posts\/98190\/revisions"}],"predecessor-version":[{"id":98192,"href":"https:\/\/www.caririemacao.com\/1\/wp-json\/wp\/v2\/posts\/98190\/revisions\/98192"}],"wp:featuredmedia":[{"embeddable":true,"href":"https:\/\/www.caririemacao.com\/1\/wp-json\/wp\/v2\/media\/98191"}],"wp:attachment":[{"href":"https:\/\/www.caririemacao.com\/1\/wp-json\/wp\/v2\/media?parent=98190"}],"wp:term":[{"taxonomy":"category","embeddable":true,"href":"https:\/\/www.caririemacao.com\/1\/wp-json\/wp\/v2\/categories?post=98190"},{"taxonomy":"post_tag","embeddable":true,"href":"https:\/\/www.caririemacao.com\/1\/wp-json\/wp\/v2\/tags?post=98190"}],"curies":[{"name":"wp","href":"https:\/\/api.w.org\/{rel}","templated":true}]}}