{"id":98196,"date":"2019-06-04T19:01:21","date_gmt":"2019-06-04T22:01:21","guid":{"rendered":"http:\/\/www.caririemacao.com\/1\/?p=98196"},"modified":"2019-06-04T19:01:21","modified_gmt":"2019-06-04T22:01:21","slug":"procuradoria-diz-ao-stj-que-lula-ja-pode-ir-para-o-regime-semiaberto","status":"publish","type":"post","link":"https:\/\/www.caririemacao.com\/1\/2019\/06\/04\/procuradoria-diz-ao-stj-que-lula-ja-pode-ir-para-o-regime-semiaberto\/","title":{"rendered":"Procuradoria diz ao STJ que Lula j\u00e1 pode ir para o regime semiaberto"},"content":{"rendered":"\n<p>A subprocuradora-geral da Rep\u00fablica \u00c1urea Maria Etelvina Nogueira Lustosa enviou na semana passada ao STJ (Superior Tribunal de Justi\u00e7a) parecer dizendo que o ex-presidente Luiz In\u00e1cio Lula da Silva (PT) j\u00e1 pode ir para o regime semiaberto.<\/p>\n\n\n\n<p>O pedido tem como base a decis\u00e3o tomada pelo STJ (Superior Tribunal de Justi\u00e7a), que reduziu a pena do petista.<\/p>\n\n\n\n<p>Lula est\u00e1 preso desde abril de 2018, ap\u00f3s ser condenado em segunda inst\u00e2ncia a&nbsp;12 anos e um m\u00eas de pris\u00e3o por corrup\u00e7\u00e3o e lavagem de dinheiro no&nbsp;caso do tr\u00edplex de Guaruj\u00e1 (SP).&nbsp;<\/p>\n\n\n\n<p>Em abril deste ano, a&nbsp;pena foi reduzida para&nbsp;8 anos, 10 meses e 20 dias pelo STJ, abrindo&nbsp;caminho para que ele pedir progress\u00e3o de regime.<\/p>\n\n\n\n<p>A reportagem entrou em contato com a defesa de Lula e aguarda posicionamento.<\/p>\n","protected":false},"excerpt":{"rendered":"<p>A subprocuradora-geral da Rep\u00fablica \u00c1urea Maria Etelvina Nogueira Lustosa enviou na semana passada ao STJ (Superior Tribunal de Justi\u00e7a) parecer dizendo que o ex-presidente Luiz&hellip; <\/p>\n","protected":false},"author":1,"featured_media":96576,"comment_status":"closed","ping_status":"closed","sticky":false,"template":"","format":"standard","meta":{"sfsi_plus_gutenberg_text_before_share":"","sfsi_plus_gutenberg_show_text_before_share":"","sfsi_plus_gutenberg_icon_type":"","sfsi_plus_gutenberg_icon_alignemt":"","sfsi_plus_gutenburg_max_per_row":"","footnotes":""},"categories":[11],"tags":[],"class_list":["post-98196","post","type-post","status-publish","format-standard","has-post-thumbnail","hentry","category-politica"],"_links":{"self":[{"href":"https:\/\/www.caririemacao.com\/1\/wp-json\/wp\/v2\/posts\/98196","targetHints":{"allow":["GET"]}}],"collection":[{"href":"https:\/\/www.caririemacao.com\/1\/wp-json\/wp\/v2\/posts"}],"about":[{"href":"https:\/\/www.caririemacao.com\/1\/wp-json\/wp\/v2\/types\/post"}],"author":[{"embeddable":true,"href":"https:\/\/www.caririemacao.com\/1\/wp-json\/wp\/v2\/users\/1"}],"replies":[{"embeddable":true,"href":"https:\/\/www.caririemacao.com\/1\/wp-json\/wp\/v2\/comments?post=98196"}],"version-history":[{"count":1,"href":"https:\/\/www.caririemacao.com\/1\/wp-json\/wp\/v2\/posts\/98196\/revisions"}],"predecessor-version":[{"id":98197,"href":"https:\/\/www.caririemacao.com\/1\/wp-json\/wp\/v2\/posts\/98196\/revisions\/98197"}],"wp:featuredmedia":[{"embeddable":true,"href":"https:\/\/www.caririemacao.com\/1\/wp-json\/wp\/v2\/media\/96576"}],"wp:attachment":[{"href":"https:\/\/www.caririemacao.com\/1\/wp-json\/wp\/v2\/media?parent=98196"}],"wp:term":[{"taxonomy":"category","embeddable":true,"href":"https:\/\/www.caririemacao.com\/1\/wp-json\/wp\/v2\/categories?post=98196"},{"taxonomy":"post_tag","embeddable":true,"href":"https:\/\/www.caririemacao.com\/1\/wp-json\/wp\/v2\/tags?post=98196"}],"curies":[{"name":"wp","href":"https:\/\/api.w.org\/{rel}","templated":true}]}}