{"id":98201,"date":"2019-06-05T14:00:04","date_gmt":"2019-06-05T17:00:04","guid":{"rendered":"http:\/\/www.caririemacao.com\/1\/?p=98201"},"modified":"2019-06-05T14:09:26","modified_gmt":"2019-06-05T17:09:26","slug":"camara-aprova-credito-para-a-construcao-de-campos-de-futebol-em-caraubas","status":"publish","type":"post","link":"https:\/\/www.caririemacao.com\/1\/2019\/06\/05\/camara-aprova-credito-para-a-construcao-de-campos-de-futebol-em-caraubas\/","title":{"rendered":"C\u00e2mara aprova cr\u00e9dito para a constru\u00e7\u00e3o de campos de futebol em Cara\u00fabas"},"content":{"rendered":"\n<p>O Plen\u00e1rio do Legislativo caraubense aprovou na sess\u00e3o ordin\u00e1ria realizada na noite desta ter\u00e7a-feira (04), o Projeto de Lei n\u00ba 05\/19, do Executivo Municipal, que disp\u00f5e sobre abertura de cr\u00e9dito adicional especial, no valor de R$ 290 mil reais, no or\u00e7amento da Prefeitura.<\/p>\n\n\n\n<figure class=\"wp-block-image\"><img fetchpriority=\"high\" decoding=\"async\" width=\"1024\" height=\"683\" src=\"http:\/\/www.caririemacao.com\/1\/wp-content\/uploads\/2019\/06\/DSC_0016-1024x683.jpg\" alt=\"\" class=\"wp-image-98210\" srcset=\"https:\/\/www.caririemacao.com\/1\/wp-content\/uploads\/2019\/06\/DSC_0016-1024x683.jpg 1024w, https:\/\/www.caririemacao.com\/1\/wp-content\/uploads\/2019\/06\/DSC_0016-300x200.jpg 300w, https:\/\/www.caririemacao.com\/1\/wp-content\/uploads\/2019\/06\/DSC_0016-768x512.jpg 768w\" sizes=\"(max-width: 1024px) 100vw, 1024px\" \/><\/figure>\n\n\n\n<p>De acordo com a mensagem encaminhada pelo prefeito Silvano Dudu, e explicada na tribuna pelo assessor jur\u00eddico da C\u00e2mara Municipal, Dr. Jefferson Sousa, o cr\u00e9dito adicional refere-se aos recursos repassados pelo Governo Federal, atrav\u00e9s do Minist\u00e9rio dos Esportes, tendo em vista Conv\u00eanio firmado com o Munic\u00edpio, resultado de uma emenda parlamentar do deputado federal Efraim Filho.<\/p>\n\n\n\n<figure class=\"wp-block-image\"><img decoding=\"async\" width=\"1024\" height=\"683\" data-src=\"http:\/\/www.caririemacao.com\/1\/wp-content\/uploads\/2019\/06\/DSC_0022-1024x683.jpg\" alt=\"\" class=\"wp-image-98211 lazyload\" data-srcset=\"https:\/\/www.caririemacao.com\/1\/wp-content\/uploads\/2019\/06\/DSC_0022-1024x683.jpg 1024w, https:\/\/www.caririemacao.com\/1\/wp-content\/uploads\/2019\/06\/DSC_0022-300x200.jpg 300w, https:\/\/www.caririemacao.com\/1\/wp-content\/uploads\/2019\/06\/DSC_0022-768x512.jpg 768w\" data-sizes=\"(max-width: 1024px) 100vw, 1024px\" src=\"data:image\/svg+xml;base64,PHN2ZyB3aWR0aD0iMSIgaGVpZ2h0PSIxIiB4bWxucz0iaHR0cDovL3d3dy53My5vcmcvMjAwMC9zdmciPjwvc3ZnPg==\" style=\"--smush-placeholder-width: 1024px; --smush-placeholder-aspect-ratio: 1024\/683;\" \/><\/figure>\n\n\n\n<p>Na tribuna, o assessor cont\u00e1bil Douglas Soares, explicou que os valores constantes da presente Lei ser\u00e3o utilizados na constru\u00e7\u00e3o de campos de futebol em v\u00e1rias comunidades rurais do munic\u00edpio. \u201cDestacamos a import\u00e2ncia de referida obra, tendo em vista serem espa\u00e7os adequados para a pr\u00e1tica esportiva&#8221;, acrescentou.<\/p>\n\n\n\n<figure class=\"wp-block-image\"><img decoding=\"async\" width=\"1024\" height=\"683\" data-src=\"http:\/\/www.caririemacao.com\/1\/wp-content\/uploads\/2019\/06\/DSC_0024-1024x683.jpg\" alt=\"\" class=\"wp-image-98204 lazyload\" data-srcset=\"https:\/\/www.caririemacao.com\/1\/wp-content\/uploads\/2019\/06\/DSC_0024-1024x683.jpg 1024w, https:\/\/www.caririemacao.com\/1\/wp-content\/uploads\/2019\/06\/DSC_0024-300x200.jpg 300w, https:\/\/www.caririemacao.com\/1\/wp-content\/uploads\/2019\/06\/DSC_0024-768x512.jpg 768w\" data-sizes=\"(max-width: 1024px) 100vw, 1024px\" src=\"data:image\/svg+xml;base64,PHN2ZyB3aWR0aD0iMSIgaGVpZ2h0PSIxIiB4bWxucz0iaHR0cDovL3d3dy53My5vcmcvMjAwMC9zdmciPjwvc3ZnPg==\" style=\"--smush-placeholder-width: 1024px; --smush-placeholder-aspect-ratio: 1024\/683;\" \/><\/figure>\n\n\n\n<p>O presidente Jos\u00e9 Franconero destacou dizendo que a aprova\u00e7\u00e3o\ndesse projeto \u00e9 investir em esporte e lazer, trazendo mais sa\u00fade e\ndesenvolvimento social para os desportistas caraubenses.<\/p>\n\n\n\n<p>O projeto foi aprovado pelos vereadores Nero, Neide,\nFabinho, Teinha, Tomaz, Bazoca e In\u00e1cio, com aus\u00eancia de Renivan e Nerivan.<\/p>\n","protected":false},"excerpt":{"rendered":"<p>O Plen\u00e1rio do Legislativo caraubense aprovou na sess\u00e3o ordin\u00e1ria realizada na noite desta ter\u00e7a-feira (04), o Projeto de Lei n\u00ba 05\/19, do Executivo Municipal, que&hellip; <\/p>\n","protected":false},"author":2,"featured_media":98280,"comment_status":"closed","ping_status":"closed","sticky":false,"template":"","format":"standard","meta":{"sfsi_plus_gutenberg_text_before_share":"","sfsi_plus_gutenberg_show_text_before_share":"","sfsi_plus_gutenberg_icon_type":"","sfsi_plus_gutenberg_icon_alignemt":"","sfsi_plus_gutenburg_max_per_row":"","footnotes":""},"categories":[6,50],"tags":[],"class_list":["post-98201","post","type-post","status-publish","format-standard","has-post-thumbnail","hentry","category-cidades","category-destaque"],"_links":{"self":[{"href":"https:\/\/www.caririemacao.com\/1\/wp-json\/wp\/v2\/posts\/98201","targetHints":{"allow":["GET"]}}],"collection":[{"href":"https:\/\/www.caririemacao.com\/1\/wp-json\/wp\/v2\/posts"}],"about":[{"href":"https:\/\/www.caririemacao.com\/1\/wp-json\/wp\/v2\/types\/post"}],"author":[{"embeddable":true,"href":"https:\/\/www.caririemacao.com\/1\/wp-json\/wp\/v2\/users\/2"}],"replies":[{"embeddable":true,"href":"https:\/\/www.caririemacao.com\/1\/wp-json\/wp\/v2\/comments?post=98201"}],"version-history":[{"count":3,"href":"https:\/\/www.caririemacao.com\/1\/wp-json\/wp\/v2\/posts\/98201\/revisions"}],"predecessor-version":[{"id":98282,"href":"https:\/\/www.caririemacao.com\/1\/wp-json\/wp\/v2\/posts\/98201\/revisions\/98282"}],"wp:featuredmedia":[{"embeddable":true,"href":"https:\/\/www.caririemacao.com\/1\/wp-json\/wp\/v2\/media\/98280"}],"wp:attachment":[{"href":"https:\/\/www.caririemacao.com\/1\/wp-json\/wp\/v2\/media?parent=98201"}],"wp:term":[{"taxonomy":"category","embeddable":true,"href":"https:\/\/www.caririemacao.com\/1\/wp-json\/wp\/v2\/categories?post=98201"},{"taxonomy":"post_tag","embeddable":true,"href":"https:\/\/www.caririemacao.com\/1\/wp-json\/wp\/v2\/tags?post=98201"}],"curies":[{"name":"wp","href":"https:\/\/api.w.org\/{rel}","templated":true}]}}