{"id":98203,"date":"2019-06-04T19:15:48","date_gmt":"2019-06-04T22:15:48","guid":{"rendered":"http:\/\/www.caririemacao.com\/1\/?p=98203"},"modified":"2019-06-04T19:15:48","modified_gmt":"2019-06-04T22:15:48","slug":"prefeito-dalyson-neves-se-reune-com-secretario-luiz-couto","status":"publish","type":"post","link":"https:\/\/www.caririemacao.com\/1\/2019\/06\/04\/prefeito-dalyson-neves-se-reune-com-secretario-luiz-couto\/","title":{"rendered":"Prefeito Dalyson Neves se re\u00fane com secret\u00e1rio Luiz Couto"},"content":{"rendered":"\n<p>O tempo n\u00e3o p\u00e1ra e muito menos para o prefeito do munic\u00edpio de Zabel\u00ea, no Cariri Ocidental paraibano, Dalyson Neves (PSDB). O chefe do executivo zabeleense se reuniu, nesta ter\u00e7a-feira(04), com o secret\u00e1rio estadual da Agricultura Familiar e do Desenvolvimento do Semi\u00e1rido, Luiz Couto (PT).<\/p>\n\n\n\n<p>O encontro teve como objetivo a busca de atendimento para as prioridades do munic\u00edpio atrav\u00e9s do Programa Para\u00edba Rural Sustent\u00e1vel. No final da reuni\u00e3o, Dalyson declarou que o resultado foi positivo, embora, neste momento, o encontro tenha sido apenas para conseguir orienta\u00e7\u00f5es a respeito das demandas municipais como, por exemplo, dessaliniza\u00e7\u00e3o e abastecimento de \u00e1gua e energia renov\u00e1vel.<\/p>\n\n\n\n<p>Para o gestor, as parcerias entre os entes federados s\u00e3o imprescind\u00edveis para a implementa\u00e7\u00e3o de a\u00e7\u00f5es dessa magnitude at\u00e9 porque&nbsp; \u00e9 esta uma das finalidades do Programa. Ele contou que o munic\u00edpio, por si s\u00f3, n\u00e3o tem como arcar com tudo e que, por isso, sempre que for poss\u00edvel vai buscar o apoio dos governos estadual e federal.<br>Na opini\u00e3o de Dalyson, n\u00e3o devem existir&nbsp; fronteiras quando o assunto for melhorias para a popula\u00e7\u00e3o. Ele foi bastante enf\u00e1tico ao dizer que se depender da sua vontade o cidad\u00e3o zabeleense vai ter os benef\u00edcios que que merece.<\/p>\n","protected":false},"excerpt":{"rendered":"<p>O tempo n\u00e3o p\u00e1ra e muito menos para o prefeito do munic\u00edpio de Zabel\u00ea, no Cariri Ocidental paraibano, Dalyson Neves (PSDB). O chefe do executivo&hellip; <\/p>\n","protected":false},"author":1,"featured_media":98205,"comment_status":"closed","ping_status":"closed","sticky":false,"template":"","format":"standard","meta":{"sfsi_plus_gutenberg_text_before_share":"","sfsi_plus_gutenberg_show_text_before_share":"","sfsi_plus_gutenberg_icon_type":"","sfsi_plus_gutenberg_icon_alignemt":"","sfsi_plus_gutenburg_max_per_row":"","footnotes":""},"categories":[6,50],"tags":[],"class_list":["post-98203","post","type-post","status-publish","format-standard","has-post-thumbnail","hentry","category-cidades","category-destaque"],"_links":{"self":[{"href":"https:\/\/www.caririemacao.com\/1\/wp-json\/wp\/v2\/posts\/98203","targetHints":{"allow":["GET"]}}],"collection":[{"href":"https:\/\/www.caririemacao.com\/1\/wp-json\/wp\/v2\/posts"}],"about":[{"href":"https:\/\/www.caririemacao.com\/1\/wp-json\/wp\/v2\/types\/post"}],"author":[{"embeddable":true,"href":"https:\/\/www.caririemacao.com\/1\/wp-json\/wp\/v2\/users\/1"}],"replies":[{"embeddable":true,"href":"https:\/\/www.caririemacao.com\/1\/wp-json\/wp\/v2\/comments?post=98203"}],"version-history":[{"count":1,"href":"https:\/\/www.caririemacao.com\/1\/wp-json\/wp\/v2\/posts\/98203\/revisions"}],"predecessor-version":[{"id":98206,"href":"https:\/\/www.caririemacao.com\/1\/wp-json\/wp\/v2\/posts\/98203\/revisions\/98206"}],"wp:featuredmedia":[{"embeddable":true,"href":"https:\/\/www.caririemacao.com\/1\/wp-json\/wp\/v2\/media\/98205"}],"wp:attachment":[{"href":"https:\/\/www.caririemacao.com\/1\/wp-json\/wp\/v2\/media?parent=98203"}],"wp:term":[{"taxonomy":"category","embeddable":true,"href":"https:\/\/www.caririemacao.com\/1\/wp-json\/wp\/v2\/categories?post=98203"},{"taxonomy":"post_tag","embeddable":true,"href":"https:\/\/www.caririemacao.com\/1\/wp-json\/wp\/v2\/tags?post=98203"}],"curies":[{"name":"wp","href":"https:\/\/api.w.org\/{rel}","templated":true}]}}