{"id":98223,"date":"2019-06-05T06:50:06","date_gmt":"2019-06-05T09:50:06","guid":{"rendered":"http:\/\/www.caririemacao.com\/1\/?p=98223"},"modified":"2019-06-05T06:50:06","modified_gmt":"2019-06-05T09:50:06","slug":"bolsonaro-vai-ao-programa-do-ratinho-em-3a-aparicao-no-sbt-em-um-mes","status":"publish","type":"post","link":"https:\/\/www.caririemacao.com\/1\/2019\/06\/05\/bolsonaro-vai-ao-programa-do-ratinho-em-3a-aparicao-no-sbt-em-um-mes\/","title":{"rendered":"Bolsonaro vai ao programa do Ratinho em 3a apari\u00e7\u00e3o no SBT em um m\u00eas"},"content":{"rendered":"\n<p>O presidente Jair Bolsonaro (PSL) estar\u00e1 na edi\u00e7\u00e3o de hoje no \u201cPrograma do Ratinho\u201d. Ele respondeu a perguntas do apresentador no quadro \u201cDois Dedos de Prosa\u201d.<\/p>\n\n\n\n<p>Ratinho perguntou ao presidente sobre a reforma da previd\u00eancia, os desafios da seguran\u00e7a p\u00fablica, porte de armas, cortes nas despesas do governo e sobre a atual situa\u00e7\u00e3o de desemprego no Brasil.<\/p>\n\n\n\n<p>Bolsonaro tamb\u00e9m falou sobre as mudan\u00e7as na aposentadoria e respondeu d\u00favidas de pessoas abordadas na rua sobre as quest\u00f5es abordadas pelo apresentador.<\/p>\n\n\n\n<p>Esta \u00e9 a terceira participa\u00e7\u00e3o do presidente em programas do SBT em pouco mais de um m\u00eas. Na semana passada ele foi recebido no \u201cThe Noite\u201d e o apresentador Danilo Gentili perguntou a Bolsonaro se ele havia descoberto \u201co que \u00e9 golden shower?\u201d. A pergunta foi uma brincadeira do humorista lembrando o pol\u00eamico tweet do presidente durante o Carnaval deste ano.<\/p>\n\n\n\n<p>Bolsonaro riu e desconversou. \u201cAinda n\u00e3o sei o que \u00e9 isso n\u00e3o, n\u00e3o quero saber. Estou meio velho para isso.\u201d<\/p>\n\n\n\n<p>No inicio de maio o presidente participou do \u201cPrograma Silvio Santos\u201d e falou sobre sexo com o apresentador. \u201cAinda estou na ativa.\u201d<\/p>\n","protected":false},"excerpt":{"rendered":"<p>O presidente Jair Bolsonaro (PSL) estar\u00e1 na edi\u00e7\u00e3o de hoje no \u201cPrograma do Ratinho\u201d. Ele respondeu a perguntas do apresentador no quadro \u201cDois Dedos de&hellip; <\/p>\n","protected":false},"author":1,"featured_media":95826,"comment_status":"closed","ping_status":"closed","sticky":false,"template":"","format":"standard","meta":{"sfsi_plus_gutenberg_text_before_share":"","sfsi_plus_gutenberg_show_text_before_share":"","sfsi_plus_gutenberg_icon_type":"","sfsi_plus_gutenberg_icon_alignemt":"","sfsi_plus_gutenburg_max_per_row":"","footnotes":""},"categories":[11],"tags":[],"class_list":["post-98223","post","type-post","status-publish","format-standard","has-post-thumbnail","hentry","category-politica"],"_links":{"self":[{"href":"https:\/\/www.caririemacao.com\/1\/wp-json\/wp\/v2\/posts\/98223","targetHints":{"allow":["GET"]}}],"collection":[{"href":"https:\/\/www.caririemacao.com\/1\/wp-json\/wp\/v2\/posts"}],"about":[{"href":"https:\/\/www.caririemacao.com\/1\/wp-json\/wp\/v2\/types\/post"}],"author":[{"embeddable":true,"href":"https:\/\/www.caririemacao.com\/1\/wp-json\/wp\/v2\/users\/1"}],"replies":[{"embeddable":true,"href":"https:\/\/www.caririemacao.com\/1\/wp-json\/wp\/v2\/comments?post=98223"}],"version-history":[{"count":1,"href":"https:\/\/www.caririemacao.com\/1\/wp-json\/wp\/v2\/posts\/98223\/revisions"}],"predecessor-version":[{"id":98224,"href":"https:\/\/www.caririemacao.com\/1\/wp-json\/wp\/v2\/posts\/98223\/revisions\/98224"}],"wp:featuredmedia":[{"embeddable":true,"href":"https:\/\/www.caririemacao.com\/1\/wp-json\/wp\/v2\/media\/95826"}],"wp:attachment":[{"href":"https:\/\/www.caririemacao.com\/1\/wp-json\/wp\/v2\/media?parent=98223"}],"wp:term":[{"taxonomy":"category","embeddable":true,"href":"https:\/\/www.caririemacao.com\/1\/wp-json\/wp\/v2\/categories?post=98223"},{"taxonomy":"post_tag","embeddable":true,"href":"https:\/\/www.caririemacao.com\/1\/wp-json\/wp\/v2\/tags?post=98223"}],"curies":[{"name":"wp","href":"https:\/\/api.w.org\/{rel}","templated":true}]}}