{"id":98229,"date":"2019-06-05T06:57:04","date_gmt":"2019-06-05T09:57:04","guid":{"rendered":"http:\/\/www.caririemacao.com\/1\/?p=98229"},"modified":"2019-06-05T06:57:04","modified_gmt":"2019-06-05T09:57:04","slug":"alpb-aprova-projeto-que-institui-prevencao-a-violencia-domestica-como-saude-da-familia","status":"publish","type":"post","link":"https:\/\/www.caririemacao.com\/1\/2019\/06\/05\/alpb-aprova-projeto-que-institui-prevencao-a-violencia-domestica-como-saude-da-familia\/","title":{"rendered":"ALPB aprova projeto que institui preven\u00e7\u00e3o \u00e0 viol\u00eancia dom\u00e9stica como Sa\u00fade da Fam\u00edlia"},"content":{"rendered":"\n<p>Os deputados aprovaram, por unanimidade, na sess\u00e3o ordin\u00e1ria desta ter\u00e7a-feira (04), projeto de lei 83\/2019, de autoria do deputado Nabor Wanderley instituindo a Pol\u00edtica de Preven\u00e7\u00e3o \u00e0 Viol\u00eancia Dom\u00e9stica como Estrat\u00e9gia de Sa\u00fade da Fam\u00edlia.<\/p>\n\n\n\n<p>O objetivo do projeto \u00e9 prevenir e combater as viol\u00eancias f\u00edsica, psicol\u00f3gica, sexual, moral e patrimonial contra as mulheres, por meio da atua\u00e7\u00e3o preventiva dos agentes comunit\u00e1rios de sa\u00fade.<\/p>\n\n\n\n<p>\u201cEssas pessoas est\u00e3o todos os dias dentro das casas dos cidad\u00e3os, das cidad\u00e3s do nosso estado e podem dar uma contribui\u00e7\u00e3o muito grande pra gente combater a quest\u00e3o da viol\u00eancia dom\u00e9stica, conscientizar pra n\u00e3o haver e aonde houver, que o estado possa ter acesso a essas informa\u00e7\u00f5es e tomar as provid\u00eancias\u201d, afirmou o deputado Nabor Wanderley.<\/p>\n\n\n\n<p>O parlamentar explicou que a inclus\u00e3o dessa pol\u00edtica de preven\u00e7\u00e3o no Programa Sa\u00fade da Fam\u00edlia contribui com o enfrentamento a viol\u00eancia n\u00e3o s\u00f3 contra a mulher, mas contra a crian\u00e7a e tamb\u00e9m contra o idoso.<\/p>\n\n\n\n<h3 class=\"wp-block-heading\"><strong>Pequeno expediente<\/strong><\/h3>\n\n\n\n<p>Durante o Pequeno Expediente, o deputado Chi\u00f3 usou a tribuna para demonstrar sua preocupa\u00e7\u00e3o com a grande quantidade de agrot\u00f3xico utilizada na agricultura brasileira. Segundo ele, o Brasil \u00e9 hoje o pa\u00eds que mais consome agrot\u00f3xico.<\/p>\n\n\n\n<p>\u201cCada brasileiro consome por ano 7,3 litros de veneno e isso \u00e9 um absurdo. Isso tem causado problemas neurol\u00f3gicos, motores, mentais, dist\u00farbios de comportamento, dist\u00farbios hormonais diversos, baixa imunidade e v\u00e1rios tipos de c\u00e2nceres\u201d, denunciou Chi\u00f3. O deputado defendeu pol\u00edticas de incentivo \u00e0 agricultura familiar, atuando de forma org\u00e2nica e limpa.<\/p>\n\n\n\n<p>J\u00e1 o deputado Wilson Filho comemorou aprova\u00e7\u00e3o de projeto de Lei de sua autoria instituindo o m\u00eas de junho como o M\u00eas de Enfrentamento \u00e0s Drogas. \u201cDurante o m\u00eas de junho inteiro n\u00f3s iremos adotar essa campanha, que n\u00e3o tem idealizador, quem est\u00e1 construindo e dando o primeiro passo \u00e9 toda a Assembleia\u201d, concluiu Wilson Filho.<\/p>\n","protected":false},"excerpt":{"rendered":"<p>Os deputados aprovaram, por unanimidade, na sess\u00e3o ordin\u00e1ria desta ter\u00e7a-feira (04), projeto de lei 83\/2019, de autoria do deputado Nabor Wanderley instituindo a Pol\u00edtica de&hellip; <\/p>\n","protected":false},"author":1,"featured_media":30636,"comment_status":"closed","ping_status":"closed","sticky":false,"template":"","format":"standard","meta":{"sfsi_plus_gutenberg_text_before_share":"","sfsi_plus_gutenberg_show_text_before_share":"","sfsi_plus_gutenberg_icon_type":"","sfsi_plus_gutenberg_icon_alignemt":"","sfsi_plus_gutenburg_max_per_row":"","footnotes":""},"categories":[11],"tags":[],"class_list":["post-98229","post","type-post","status-publish","format-standard","has-post-thumbnail","hentry","category-politica"],"_links":{"self":[{"href":"https:\/\/www.caririemacao.com\/1\/wp-json\/wp\/v2\/posts\/98229","targetHints":{"allow":["GET"]}}],"collection":[{"href":"https:\/\/www.caririemacao.com\/1\/wp-json\/wp\/v2\/posts"}],"about":[{"href":"https:\/\/www.caririemacao.com\/1\/wp-json\/wp\/v2\/types\/post"}],"author":[{"embeddable":true,"href":"https:\/\/www.caririemacao.com\/1\/wp-json\/wp\/v2\/users\/1"}],"replies":[{"embeddable":true,"href":"https:\/\/www.caririemacao.com\/1\/wp-json\/wp\/v2\/comments?post=98229"}],"version-history":[{"count":1,"href":"https:\/\/www.caririemacao.com\/1\/wp-json\/wp\/v2\/posts\/98229\/revisions"}],"predecessor-version":[{"id":98230,"href":"https:\/\/www.caririemacao.com\/1\/wp-json\/wp\/v2\/posts\/98229\/revisions\/98230"}],"wp:featuredmedia":[{"embeddable":true,"href":"https:\/\/www.caririemacao.com\/1\/wp-json\/wp\/v2\/media\/30636"}],"wp:attachment":[{"href":"https:\/\/www.caririemacao.com\/1\/wp-json\/wp\/v2\/media?parent=98229"}],"wp:term":[{"taxonomy":"category","embeddable":true,"href":"https:\/\/www.caririemacao.com\/1\/wp-json\/wp\/v2\/categories?post=98229"},{"taxonomy":"post_tag","embeddable":true,"href":"https:\/\/www.caririemacao.com\/1\/wp-json\/wp\/v2\/tags?post=98229"}],"curies":[{"name":"wp","href":"https:\/\/api.w.org\/{rel}","templated":true}]}}