{"id":98235,"date":"2019-06-05T06:59:47","date_gmt":"2019-06-05T09:59:47","guid":{"rendered":"http:\/\/www.caririemacao.com\/1\/?p=98235"},"modified":"2019-06-05T06:59:47","modified_gmt":"2019-06-05T09:59:47","slug":"famup-entrega-manifesto-pela-prorrogacao-de-mandatos-de-prefeitos","status":"publish","type":"post","link":"https:\/\/www.caririemacao.com\/1\/2019\/06\/05\/famup-entrega-manifesto-pela-prorrogacao-de-mandatos-de-prefeitos\/","title":{"rendered":"Famup entrega manifesto pela prorroga\u00e7\u00e3o de mandatos de prefeitos"},"content":{"rendered":"\n<p>O presidente da Federa\u00e7\u00e3o das Associa\u00e7\u00f5es de Munic\u00edpios da Para\u00edba (Famup), George Coelho, participa hoje da reuni\u00e3o do Conselho Pol\u00edtico da Confedera\u00e7\u00e3o Nacional dos Munic\u00edpios em Bras\u00edlia, ocasi\u00e3o em que entregar\u00e1 o manifesto da Para\u00edba em defesa da unifica\u00e7\u00e3o das elei\u00e7\u00f5es no pa\u00eds, o que implicaria na prorroga\u00e7\u00e3o dos mandatos dos atuais prefeitos e vereadores dos munic\u00edpios que t\u00eam elei\u00e7\u00f5es previstas no calend\u00e1rio para o pr\u00f3ximo ano. O documento \u00e9 firmado por pol\u00edticos de 210 munic\u00edpios paraibanos, do total de 223, e conta com o apoio de deputados federais, estaduais e senadores.<\/p>\n\n\n\n<p>A Proposta de Emenda Constitucional 56\/2019, que sugere a unifica\u00e7\u00e3o das elei\u00e7\u00f5es no Pa\u00eds, continua tramitando na C\u00e2mara dos Deputados, mas a pr\u00f3pria classe pol\u00edtica est\u00e1 dividida quanto \u00e0 oportunidade ou n\u00e3o da ado\u00e7\u00e3o da medida de prorroga\u00e7\u00e3o de mandatos. A PEC se encontra pronta para ser votada no \u00e2mbito da Comiss\u00e3o de Constitui\u00e7\u00e3o e Justi\u00e7a da Casa, contando com o parecer favor\u00e1vel e pela constitucionalidade da mat\u00e9ria do relator, deputado Valtenir Pereira, do MDB do Mato Grosso. A Proposta de Emenda Constitucional prev\u00ea a extens\u00e3o dos mandatos dos vereadores e prefeitos para que, a partir de 2022, as elei\u00e7\u00f5es municipais e gerais sejam unificadas.<\/p>\n\n\n\n<p>A iniciativa partiu do deputado Rog\u00e9rio Peninha Mendon\u00e7a, do MDB de Santa Catarina. A proposta cancela o pleito de 2020 e com isso os brasileiros iriam \u00e0s urnas dois anos depois para votar para presidente, governador, senador, deputado federal, deputado estadual, prefeito e vereador. Al\u00e9m do debate sobre a unifica\u00e7\u00e3o das elei\u00e7\u00f5es, os representantes das entidades municipalistas tamb\u00e9m v\u00e3o debater a reforma da Previd\u00eancia e a Lei das Associa\u00e7\u00f5es. George Coelho, ao defender a prorroga\u00e7\u00e3o, aludiu a dificuldades enfrentadas pelos munic\u00edpios e disse que se for preciso ir\u00e1 acampar no Minist\u00e9rio da Economia para cobrar o que \u00e9 de direito aos munic\u00edpios, al\u00e9m de fazer vig\u00edlia no Supremo Tribunal Federal para que a liminar dos royalties do petr\u00f3leo seja aprovada.<\/p>\n\n\n\n<p><em>Com Os Guedes<\/em><\/p>\n","protected":false},"excerpt":{"rendered":"<p>O presidente da Federa\u00e7\u00e3o das Associa\u00e7\u00f5es de Munic\u00edpios da Para\u00edba (Famup), George Coelho, participa hoje da reuni\u00e3o do Conselho Pol\u00edtico da Confedera\u00e7\u00e3o Nacional dos Munic\u00edpios&hellip; <\/p>\n","protected":false},"author":1,"featured_media":98236,"comment_status":"closed","ping_status":"closed","sticky":false,"template":"","format":"standard","meta":{"sfsi_plus_gutenberg_text_before_share":"","sfsi_plus_gutenberg_show_text_before_share":"","sfsi_plus_gutenberg_icon_type":"","sfsi_plus_gutenberg_icon_alignemt":"","sfsi_plus_gutenburg_max_per_row":"","footnotes":""},"categories":[11],"tags":[],"class_list":["post-98235","post","type-post","status-publish","format-standard","has-post-thumbnail","hentry","category-politica"],"_links":{"self":[{"href":"https:\/\/www.caririemacao.com\/1\/wp-json\/wp\/v2\/posts\/98235","targetHints":{"allow":["GET"]}}],"collection":[{"href":"https:\/\/www.caririemacao.com\/1\/wp-json\/wp\/v2\/posts"}],"about":[{"href":"https:\/\/www.caririemacao.com\/1\/wp-json\/wp\/v2\/types\/post"}],"author":[{"embeddable":true,"href":"https:\/\/www.caririemacao.com\/1\/wp-json\/wp\/v2\/users\/1"}],"replies":[{"embeddable":true,"href":"https:\/\/www.caririemacao.com\/1\/wp-json\/wp\/v2\/comments?post=98235"}],"version-history":[{"count":1,"href":"https:\/\/www.caririemacao.com\/1\/wp-json\/wp\/v2\/posts\/98235\/revisions"}],"predecessor-version":[{"id":98237,"href":"https:\/\/www.caririemacao.com\/1\/wp-json\/wp\/v2\/posts\/98235\/revisions\/98237"}],"wp:featuredmedia":[{"embeddable":true,"href":"https:\/\/www.caririemacao.com\/1\/wp-json\/wp\/v2\/media\/98236"}],"wp:attachment":[{"href":"https:\/\/www.caririemacao.com\/1\/wp-json\/wp\/v2\/media?parent=98235"}],"wp:term":[{"taxonomy":"category","embeddable":true,"href":"https:\/\/www.caririemacao.com\/1\/wp-json\/wp\/v2\/categories?post=98235"},{"taxonomy":"post_tag","embeddable":true,"href":"https:\/\/www.caririemacao.com\/1\/wp-json\/wp\/v2\/tags?post=98235"}],"curies":[{"name":"wp","href":"https:\/\/api.w.org\/{rel}","templated":true}]}}