{"id":98241,"date":"2019-06-05T07:05:31","date_gmt":"2019-06-05T10:05:31","guid":{"rendered":"http:\/\/www.caririemacao.com\/1\/?p=98241"},"modified":"2019-06-05T07:05:31","modified_gmt":"2019-06-05T10:05:31","slug":"prefeitura-de-monteiro-prorroga-prazo-para-pagamento-do-iptu-2019","status":"publish","type":"post","link":"https:\/\/www.caririemacao.com\/1\/2019\/06\/05\/prefeitura-de-monteiro-prorroga-prazo-para-pagamento-do-iptu-2019\/","title":{"rendered":"Prefeitura de Monteiro prorroga prazo para pagamento do IPTU 2019"},"content":{"rendered":"\n<div class=\"wp-block-image\"><figure class=\"alignleft\"><img decoding=\"async\" data-src=\"https:\/\/i0.wp.com\/www.vitrinedocariri.com.br\/wp-content\/uploads\/2019\/04\/IPTU-2019.jpeg?zoom=2&amp;resize=330%2C330&amp;ssl=1\" alt=\"\" class=\"wp-image-41604 lazyload\" src=\"data:image\/svg+xml;base64,PHN2ZyB3aWR0aD0iMSIgaGVpZ2h0PSIxIiB4bWxucz0iaHR0cDovL3d3dy53My5vcmcvMjAwMC9zdmciPjwvc3ZnPg==\" \/><\/figure><\/div>\n\n\n\n<p>O prazo para efetuar o pagamento do Imposto Predial e Territorial Urbano (IPTU) 2019 de Monteiro, em cota \u00fanica e com desconto de 20%, foi prorrogado para o pr\u00f3ximo dia 21 de junho, por determina\u00e7\u00e3o da prefeita Anna Lorena. O decreto prorrogando o vencimento foi divulgado nesta segunda-feira (3). O prazo original havia encerrado no \u00faltimo dia 31.<\/p>\n\n\n\n<p>Ainda conforme o decreto, os Bancos credenciados ficam autorizados a procederem ao recebimento do tributo, sem multa e juros, at\u00e9 a nova data de vencimento.<\/p>\n\n\n\n<p>Para realizar o pagamento, o dono do im\u00f3vel deve levar o carn\u00ea a uma ag\u00eancia ou correspondente banc\u00e1rio, ou na Prefeitura no setor de arrecada\u00e7\u00e3o. Para quem extraviou o boleto e necessita de uma segunda via, a impress\u00e3o pode ser feita atrav\u00e9s do site oficial da Prefeitura www.monteiro.gov.br e clicar no banner lateral IPTU&nbsp; ou no link: http:\/\/portaldocontribuinte.publicsoft.com.br\/sistemas\/PortalDoContribuinte\/views\/?url=Boletos\/pesquisarBoletosIptu.php#frameContent<\/p>\n\n\n\n<p>O processo pode ser feito tanto por meio do computador, tablet e at\u00e9 mesmo via celular, o que facilita tamb\u00e9m o pagamento atrav\u00e9s do internet banking (pagamento via aplicativos banc\u00e1rios).<\/p>\n\n\n\n<p>Ap\u00f3s a data de vencimento, o valor cobrado ser\u00e1 o integral.<\/p>\n","protected":false},"excerpt":{"rendered":"<p>O prazo para efetuar o pagamento do Imposto Predial e Territorial Urbano (IPTU) 2019 de Monteiro, em cota \u00fanica e com desconto de 20%, foi&hellip; <\/p>\n","protected":false},"author":1,"featured_media":98242,"comment_status":"closed","ping_status":"closed","sticky":false,"template":"","format":"standard","meta":{"sfsi_plus_gutenberg_text_before_share":"","sfsi_plus_gutenberg_show_text_before_share":"","sfsi_plus_gutenberg_icon_type":"","sfsi_plus_gutenberg_icon_alignemt":"","sfsi_plus_gutenburg_max_per_row":"","footnotes":""},"categories":[6,50],"tags":[],"class_list":["post-98241","post","type-post","status-publish","format-standard","has-post-thumbnail","hentry","category-cidades","category-destaque"],"_links":{"self":[{"href":"https:\/\/www.caririemacao.com\/1\/wp-json\/wp\/v2\/posts\/98241","targetHints":{"allow":["GET"]}}],"collection":[{"href":"https:\/\/www.caririemacao.com\/1\/wp-json\/wp\/v2\/posts"}],"about":[{"href":"https:\/\/www.caririemacao.com\/1\/wp-json\/wp\/v2\/types\/post"}],"author":[{"embeddable":true,"href":"https:\/\/www.caririemacao.com\/1\/wp-json\/wp\/v2\/users\/1"}],"replies":[{"embeddable":true,"href":"https:\/\/www.caririemacao.com\/1\/wp-json\/wp\/v2\/comments?post=98241"}],"version-history":[{"count":1,"href":"https:\/\/www.caririemacao.com\/1\/wp-json\/wp\/v2\/posts\/98241\/revisions"}],"predecessor-version":[{"id":98243,"href":"https:\/\/www.caririemacao.com\/1\/wp-json\/wp\/v2\/posts\/98241\/revisions\/98243"}],"wp:featuredmedia":[{"embeddable":true,"href":"https:\/\/www.caririemacao.com\/1\/wp-json\/wp\/v2\/media\/98242"}],"wp:attachment":[{"href":"https:\/\/www.caririemacao.com\/1\/wp-json\/wp\/v2\/media?parent=98241"}],"wp:term":[{"taxonomy":"category","embeddable":true,"href":"https:\/\/www.caririemacao.com\/1\/wp-json\/wp\/v2\/categories?post=98241"},{"taxonomy":"post_tag","embeddable":true,"href":"https:\/\/www.caririemacao.com\/1\/wp-json\/wp\/v2\/tags?post=98241"}],"curies":[{"name":"wp","href":"https:\/\/api.w.org\/{rel}","templated":true}]}}