{"id":98272,"date":"2019-06-05T07:51:52","date_gmt":"2019-06-05T10:51:52","guid":{"rendered":"http:\/\/www.caririemacao.com\/1\/?p=98272"},"modified":"2019-06-05T07:51:52","modified_gmt":"2019-06-05T10:51:52","slug":"aprovado-pl-que-garante-contratacao-de-advogados-e-contadores","status":"publish","type":"post","link":"https:\/\/www.caririemacao.com\/1\/2019\/06\/05\/aprovado-pl-que-garante-contratacao-de-advogados-e-contadores\/","title":{"rendered":"Aprovado PL que garante contrata\u00e7\u00e3o de advogados e contadores"},"content":{"rendered":"\n<p>As administra\u00e7\u00f5es p\u00fablicas podem contratar servi\u00e7os jur\u00eddicos e de contabilidade atrav\u00e9s de inexigibilidade de licita\u00e7\u00e3o. Isso \u00e9 o que determina o Projeto de Lei 10980\/18 a provado em car\u00e1ter terminativo pela Comiss\u00e3o de Constitui\u00e7\u00e3o e Justi\u00e7a e de Cidadania (CCJC) da C\u00e2mara Federal nesta ter\u00e7a-feira (4).<\/p>\n\n\n\n<p>\u201cEsta \u00e9 uma luta da advocacia de todo o Brasil, mas que come\u00e7ou na nossa Para\u00edba pequenina. N\u00e3o podemos admitir a mercantiliza\u00e7\u00e3o da nossa profiss\u00e3o, pois fere nosso c\u00f3digo de \u00e9tica, por isso, lut\u00e1vamos para que ficasse bem claro na lei a natureza singular da nossa atividade\u201d, disse o presidente da Associa\u00e7\u00e3o Paraibana da Advocacia Municipalista (APAM), Marco Villar.<\/p>\n\n\n\n<p>A proposta reconhece que os servi\u00e7os do advogado e contadores s\u00e3o, por natureza, t\u00e9cnicos e singulares se for comprovada a not\u00f3ria especializa\u00e7\u00e3o. O deputado federal Efraim Filho (DEM-PB) \u00e9 o autor da propositura e Hugo Motta (PRB) foi o relator da mat\u00e9ria. O PL define a not\u00f3ria especializa\u00e7\u00e3o nos mesmos termos que a Lei de Licita\u00e7\u00f5es (Lei 8.666\/93): quando o trabalho \u00e9 o mais adequado ao contrato pela especialidade decorrente de desempenho anterior, estudos, experi\u00eancia entre outros requisitos.<\/p>\n\n\n\n<p>A lei fala que a licita\u00e7\u00e3o \u00e9 inexig\u00edvel em casos em que a competi\u00e7\u00e3o \u00e9 imposs\u00edvel, como quando \u00e9 requerida not\u00f3ria especializa\u00e7\u00e3o para realiza\u00e7\u00e3o do contrato. O projeto altera o Estatuto da Advocacia (Lei 8.906\/94).<\/p>\n\n\n\n<p>Segundo Efraim Filho, a atividade advocat\u00edcia n\u00e3o pode ser taxada como comum, ordin\u00e1ria ou singela em nenhuma hip\u00f3tese. \u201cA aus\u00eancia de previs\u00e3o legal expressa tem levado a interpreta\u00e7\u00f5es que acabam por ferir o livre exerc\u00edcio profissional, as prerrogativas, e a pr\u00f3pria autoestima do advogado\u201d, disse.<\/p>\n\n\n\n<p>O presidente da Federa\u00e7\u00e3o das Associa\u00e7\u00f5es dos Munic\u00edpios da Para\u00edba (Famup), George Coelho, que tamb\u00e9m est\u00e1 em Bras\u00edlia, comemorou a aprova\u00e7\u00e3o do Projeto de Lei e disse que a medida \u00e9 de suma import\u00e2ncia para os munic\u00edpios. \u201cPara n\u00f3s, acaba o fantasma sobre a contrata\u00e7\u00e3o de servi\u00e7os de advogados e contadores para atuarem juntos \u00e0s gest\u00f5es p\u00fablicas. Ganha o interesse coletivo, a celeridade, economicidade e efic\u00e1cia administrativa\u201d, comentou.<\/p>\n\n\n\n<p>J\u00e1 o presidente da Ordem dos Advogados do Brasil, seccional Para\u00edba (OAB-PB), Paulo Maia, destacou a grande vit\u00f3ria para a advocacia e reconheceu a atua\u00e7\u00e3o da Apam para que essa prerrogativa profissional fosse assegurada. \u201cHoje \u00e9 um dia de grande vit\u00f3ria para a advocacia. A conquista \u00e9 para todos os advogados e advogadas! Parabenizamos a Apam por toda luta, esfor\u00e7o e dedica\u00e7\u00e3o para que essa causa fosse poss\u00edvel\u201d, afirmou.<\/p>\n\n\n\n<p><strong>MaisPB<\/strong><\/p>\n","protected":false},"excerpt":{"rendered":"<p>As administra\u00e7\u00f5es p\u00fablicas podem contratar servi\u00e7os jur\u00eddicos e de contabilidade atrav\u00e9s de inexigibilidade de licita\u00e7\u00e3o. Isso \u00e9 o que determina o Projeto de Lei 10980\/18&hellip; <\/p>\n","protected":false},"author":1,"featured_media":98273,"comment_status":"closed","ping_status":"closed","sticky":false,"template":"","format":"standard","meta":{"sfsi_plus_gutenberg_text_before_share":"","sfsi_plus_gutenberg_show_text_before_share":"","sfsi_plus_gutenberg_icon_type":"","sfsi_plus_gutenberg_icon_alignemt":"","sfsi_plus_gutenburg_max_per_row":"","footnotes":""},"categories":[11],"tags":[],"class_list":["post-98272","post","type-post","status-publish","format-standard","has-post-thumbnail","hentry","category-politica"],"_links":{"self":[{"href":"https:\/\/www.caririemacao.com\/1\/wp-json\/wp\/v2\/posts\/98272","targetHints":{"allow":["GET"]}}],"collection":[{"href":"https:\/\/www.caririemacao.com\/1\/wp-json\/wp\/v2\/posts"}],"about":[{"href":"https:\/\/www.caririemacao.com\/1\/wp-json\/wp\/v2\/types\/post"}],"author":[{"embeddable":true,"href":"https:\/\/www.caririemacao.com\/1\/wp-json\/wp\/v2\/users\/1"}],"replies":[{"embeddable":true,"href":"https:\/\/www.caririemacao.com\/1\/wp-json\/wp\/v2\/comments?post=98272"}],"version-history":[{"count":1,"href":"https:\/\/www.caririemacao.com\/1\/wp-json\/wp\/v2\/posts\/98272\/revisions"}],"predecessor-version":[{"id":98274,"href":"https:\/\/www.caririemacao.com\/1\/wp-json\/wp\/v2\/posts\/98272\/revisions\/98274"}],"wp:featuredmedia":[{"embeddable":true,"href":"https:\/\/www.caririemacao.com\/1\/wp-json\/wp\/v2\/media\/98273"}],"wp:attachment":[{"href":"https:\/\/www.caririemacao.com\/1\/wp-json\/wp\/v2\/media?parent=98272"}],"wp:term":[{"taxonomy":"category","embeddable":true,"href":"https:\/\/www.caririemacao.com\/1\/wp-json\/wp\/v2\/categories?post=98272"},{"taxonomy":"post_tag","embeddable":true,"href":"https:\/\/www.caririemacao.com\/1\/wp-json\/wp\/v2\/tags?post=98272"}],"curies":[{"name":"wp","href":"https:\/\/api.w.org\/{rel}","templated":true}]}}