{"id":98287,"date":"2019-06-05T13:08:58","date_gmt":"2019-06-05T16:08:58","guid":{"rendered":"http:\/\/www.caririemacao.com\/1\/?p=98287"},"modified":"2019-06-05T13:08:58","modified_gmt":"2019-06-05T16:08:58","slug":"diretor-de-avaliacao-da-educacao-basica-do-inep-e-exonerado","status":"publish","type":"post","link":"https:\/\/www.caririemacao.com\/1\/2019\/06\/05\/diretor-de-avaliacao-da-educacao-basica-do-inep-e-exonerado\/","title":{"rendered":"Diretor de Avalia\u00e7\u00e3o da Educa\u00e7\u00e3o B\u00e1sica do Inep \u00e9 exonerado"},"content":{"rendered":"\n<p>O diretor de Avalia\u00e7\u00e3o da Educa\u00e7\u00e3o B\u00e1sica do Instituto Nacional de Estudos e Pesquisas Educacionais An\u00edsio Teixeira (Inep), Francisco Vieira Garonce, foi exonerado a pedido nesta quarta-feira (5).<\/p>\n\n\n\n<p>A diretoria \u00e9 respons\u00e1vel, entre outras atribui\u00e7\u00f5es, pelo Exame Nacional do Ensino M\u00e9dio (Enem), que neste ano teve 5 milh\u00f5es de inscritos confirmados. As provas est\u00e3o marcadas para os dias 3 e 10 de novembro.<\/p>\n\n\n\n<p>A exonera\u00e7\u00e3o de Garonce est\u00e1 no Di\u00e1rio Oficial desta quarta, mas traz uma data retroativa: 22 de maio.<\/p>\n\n\n\n<p>Com isso, Garonce, que havia sido anunciado para a diretoria no dia 17 de abril, ficou pouco mais de um m\u00eas no posto. Antes dele assumir, a diretoria ficou sem comando por quase um m\u00eas, desde o dia 27 de mar\u00e7o, quando Paulo C\u00e9sar Teixeira pediu demiss\u00e3o.<\/p>\n\n\n\n<p>De acordo com o jornal O Globo, Garonce havia sido convidado para o posto pelo ent\u00e3o presidente do Inep, Elmer Vicenzi, que tamb\u00e9m j\u00e1 saiu do cargo. O atual presidente do Inep \u00e9 Alexandre Lopes, 4\u00ba ocupante da fun\u00e7\u00e3o desde janeiro e o 3\u00ba nomeado na gest\u00e3o Bolsonaro.<\/p>\n","protected":false},"excerpt":{"rendered":"<p>O diretor de Avalia\u00e7\u00e3o da Educa\u00e7\u00e3o B\u00e1sica do Instituto Nacional de Estudos e Pesquisas Educacionais An\u00edsio Teixeira (Inep), Francisco Vieira Garonce, foi exonerado a pedido&hellip; <\/p>\n","protected":false},"author":1,"featured_media":98288,"comment_status":"closed","ping_status":"closed","sticky":false,"template":"","format":"standard","meta":{"sfsi_plus_gutenberg_text_before_share":"","sfsi_plus_gutenberg_show_text_before_share":"","sfsi_plus_gutenberg_icon_type":"","sfsi_plus_gutenberg_icon_alignemt":"","sfsi_plus_gutenburg_max_per_row":"","footnotes":""},"categories":[11],"tags":[],"class_list":["post-98287","post","type-post","status-publish","format-standard","has-post-thumbnail","hentry","category-politica"],"_links":{"self":[{"href":"https:\/\/www.caririemacao.com\/1\/wp-json\/wp\/v2\/posts\/98287","targetHints":{"allow":["GET"]}}],"collection":[{"href":"https:\/\/www.caririemacao.com\/1\/wp-json\/wp\/v2\/posts"}],"about":[{"href":"https:\/\/www.caririemacao.com\/1\/wp-json\/wp\/v2\/types\/post"}],"author":[{"embeddable":true,"href":"https:\/\/www.caririemacao.com\/1\/wp-json\/wp\/v2\/users\/1"}],"replies":[{"embeddable":true,"href":"https:\/\/www.caririemacao.com\/1\/wp-json\/wp\/v2\/comments?post=98287"}],"version-history":[{"count":1,"href":"https:\/\/www.caririemacao.com\/1\/wp-json\/wp\/v2\/posts\/98287\/revisions"}],"predecessor-version":[{"id":98289,"href":"https:\/\/www.caririemacao.com\/1\/wp-json\/wp\/v2\/posts\/98287\/revisions\/98289"}],"wp:featuredmedia":[{"embeddable":true,"href":"https:\/\/www.caririemacao.com\/1\/wp-json\/wp\/v2\/media\/98288"}],"wp:attachment":[{"href":"https:\/\/www.caririemacao.com\/1\/wp-json\/wp\/v2\/media?parent=98287"}],"wp:term":[{"taxonomy":"category","embeddable":true,"href":"https:\/\/www.caririemacao.com\/1\/wp-json\/wp\/v2\/categories?post=98287"},{"taxonomy":"post_tag","embeddable":true,"href":"https:\/\/www.caririemacao.com\/1\/wp-json\/wp\/v2\/tags?post=98287"}],"curies":[{"name":"wp","href":"https:\/\/api.w.org\/{rel}","templated":true}]}}