{"id":98299,"date":"2019-06-05T13:23:31","date_gmt":"2019-06-05T16:23:31","guid":{"rendered":"http:\/\/www.caririemacao.com\/1\/?p=98299"},"modified":"2019-06-05T13:23:31","modified_gmt":"2019-06-05T16:23:31","slug":"selecao-brasileira-desembarca-em-brasilia-para-disputa-do-amistoso-contra-catar-nesta-quarta","status":"publish","type":"post","link":"https:\/\/www.caririemacao.com\/1\/2019\/06\/05\/selecao-brasileira-desembarca-em-brasilia-para-disputa-do-amistoso-contra-catar-nesta-quarta\/","title":{"rendered":"Sele\u00e7\u00e3o brasileira desembarca em Bras\u00edlia para disputa do amistoso contra Catar nesta quarta"},"content":{"rendered":"\n<p>A sele\u00e7\u00e3o brasileira desembarcou na noite desta ter\u00e7a-feira (4), em Bras\u00edlia, para a disputa do amistoso contra o Catar, o primeiro preparat\u00f3rio antes do in\u00edcio da Copa Am\u00e9rica, que come\u00e7a \u00e0s 21h30 no Est\u00e1dio Man\u00e9 Garrincha.&nbsp;O destaque da chegada foi o atacante Neymar, que vive grande turbul\u00eancia na vida particular, mas recebeu apoio dos torcedores.<\/p>\n\n\n\n<p>Sorridente, o craque do Paris Saint-Germain parou para atender os f\u00e3s, tirou fotos e deu aut\u00f3grafos. Neymar segue trabalhando normalmente mesmo v\u00edtima de uma acusa\u00e7\u00e3o de estupro feita por uma mulher brasileira que o visitou na cidade de Paris.<\/p>\n\n\n\n<p>Os demais jogadores e o t\u00e9cnico Tite&nbsp; tamb\u00e9m receberam carinho de um grupo de cerca de 80 f\u00e3s que foram at\u00e9 o hotel. Diferente do que ocorreu na Copa da R\u00fassia e em outros amistosos, houve maior proximidade entre torcida e atletas.<\/p>\n\n\n\n<p>O desembarque da sele\u00e7\u00e3o em Bras\u00edlia, al\u00e9m da comiss\u00e3o t\u00e9cnica, contou com 20 jogadores. Ainda n\u00e3o se apresentaram o goleiro C\u00e1ssio, que disputou o jogo do Corinthians contra o Flamengo pela Copa do Brasil, al\u00e9m da dupla do Liverpool: o goleiro Alisson e o atacante Roberto Firmino.<\/p>\n\n\n\n<p>Depois do jogo desta quarta, o Brasil far\u00e1 um \u00faltimo amistoso contra Honduras, dia 9, em Porto Alegre, e no dia 14 estrear\u00e1 na Copa Am\u00e9rica diante da Bol\u00edvia, no Morumbi, em S\u00e3o Paulo.<\/p>\n\n\n\n<figure class=\"wp-block-image\"><img decoding=\"async\" data-src=\"https:\/\/www.clickpb.com.br\/media\/filer_public\/c5\/d9\/c5d9dcec-0b7e-4e49-840e-75cd5304109f\/cbf.png\" alt=\"\" src=\"data:image\/svg+xml;base64,PHN2ZyB3aWR0aD0iMSIgaGVpZ2h0PSIxIiB4bWxucz0iaHR0cDovL3d3dy53My5vcmcvMjAwMC9zdmciPjwvc3ZnPg==\" class=\"lazyload\" \/><\/figure>\n","protected":false},"excerpt":{"rendered":"<p>A sele\u00e7\u00e3o brasileira desembarcou na noite desta ter\u00e7a-feira (4), em Bras\u00edlia, para a disputa do amistoso contra o Catar, o primeiro preparat\u00f3rio antes do in\u00edcio&hellip; <\/p>\n","protected":false},"author":1,"featured_media":98300,"comment_status":"closed","ping_status":"closed","sticky":false,"template":"","format":"standard","meta":{"sfsi_plus_gutenberg_text_before_share":"","sfsi_plus_gutenberg_show_text_before_share":"","sfsi_plus_gutenberg_icon_type":"","sfsi_plus_gutenberg_icon_alignemt":"","sfsi_plus_gutenburg_max_per_row":"","footnotes":""},"categories":[50,13],"tags":[],"class_list":["post-98299","post","type-post","status-publish","format-standard","has-post-thumbnail","hentry","category-destaque","category-esportes"],"_links":{"self":[{"href":"https:\/\/www.caririemacao.com\/1\/wp-json\/wp\/v2\/posts\/98299","targetHints":{"allow":["GET"]}}],"collection":[{"href":"https:\/\/www.caririemacao.com\/1\/wp-json\/wp\/v2\/posts"}],"about":[{"href":"https:\/\/www.caririemacao.com\/1\/wp-json\/wp\/v2\/types\/post"}],"author":[{"embeddable":true,"href":"https:\/\/www.caririemacao.com\/1\/wp-json\/wp\/v2\/users\/1"}],"replies":[{"embeddable":true,"href":"https:\/\/www.caririemacao.com\/1\/wp-json\/wp\/v2\/comments?post=98299"}],"version-history":[{"count":1,"href":"https:\/\/www.caririemacao.com\/1\/wp-json\/wp\/v2\/posts\/98299\/revisions"}],"predecessor-version":[{"id":98301,"href":"https:\/\/www.caririemacao.com\/1\/wp-json\/wp\/v2\/posts\/98299\/revisions\/98301"}],"wp:featuredmedia":[{"embeddable":true,"href":"https:\/\/www.caririemacao.com\/1\/wp-json\/wp\/v2\/media\/98300"}],"wp:attachment":[{"href":"https:\/\/www.caririemacao.com\/1\/wp-json\/wp\/v2\/media?parent=98299"}],"wp:term":[{"taxonomy":"category","embeddable":true,"href":"https:\/\/www.caririemacao.com\/1\/wp-json\/wp\/v2\/categories?post=98299"},{"taxonomy":"post_tag","embeddable":true,"href":"https:\/\/www.caririemacao.com\/1\/wp-json\/wp\/v2\/tags?post=98299"}],"curies":[{"name":"wp","href":"https:\/\/api.w.org\/{rel}","templated":true}]}}