{"id":98305,"date":"2019-06-05T13:27:54","date_gmt":"2019-06-05T16:27:54","guid":{"rendered":"http:\/\/www.caririemacao.com\/1\/?p=98305"},"modified":"2019-06-05T13:27:54","modified_gmt":"2019-06-05T16:27:54","slug":"crianca-de-12-anos-denuncia-abusos-sexuais-praticados-pelo-seu-pai-durante-quatro-anos","status":"publish","type":"post","link":"https:\/\/www.caririemacao.com\/1\/2019\/06\/05\/crianca-de-12-anos-denuncia-abusos-sexuais-praticados-pelo-seu-pai-durante-quatro-anos\/","title":{"rendered":"Crian\u00e7a de 12 anos denuncia abusos sexuais praticados pelo seu pai durante quatro anos"},"content":{"rendered":"\n<p>O Conselho Tutelar de Campina Grande registrou uma den\u00fancia de que uma menina de 12 anos de idade sofria abusos sexuais por seu pr\u00f3prio pai h\u00e1 quatro anos. O caso foi registrado ap\u00f3s a Pol\u00edcia Militar receber a den\u00fancia no bairro Jos\u00e9 Pinheiro.&nbsp;Quando os policiais chegaram ao local apontado, encontraram a menina que confirmou os abusos.<\/p>\n\n\n\n<p>O caso foi recebido pela conselheira Lana Menezes, que ir\u00e1 encaminhar o caso \u00e0 Pol\u00edcia Civil nesta quarta-feira (05).<\/p>\n\n\n\n<p>Segundo informou a den\u00fancia que chegou \u00e0 Pol\u00edcia Militar, a crian\u00e7a estaria com hematomas pelo corpo provocados pelo seu pai quando ela tentava se proteger dos abusos. A menina relatou aos policiais que havia sofrido abusos dos seis aos dez anos de idade.<\/p>\n\n\n\n<p>A m\u00e3e da crian\u00e7a informou que o ex-companheiro havia sa\u00eddo de casa h\u00e1 dez dias. Ela havia registrado um boletim de ocorr\u00eancia contra ele por viol\u00eancia dom\u00e9stica e havia uma medida protetiva expedida ap\u00f3s agress\u00f5es.<\/p>\n\n\n\n<p>A menina de 12 anos s\u00f3 teve coragem para denunciar os abusos ap\u00f3s o pai ter sa\u00eddo de casa. A m\u00e3e da crian\u00e7a informou que n\u00e3o tinha conhecimento dos abusos praticados pelo ex-companheiro. No entanto, a pol\u00edcia dever\u00e1 investigar se ela era conivente ou n\u00e3o com a situa\u00e7\u00e3o.<\/p>\n\n\n\n<p>A conselheira tutelar informou que a crian\u00e7a dever\u00e1 passar por um exame de corpo de delito e por acompanhamento psicol\u00f3gico. Tanto a m\u00e3e quanto a crian\u00e7a dever\u00e3o ser ouvidas na Delegacia da Inf\u00e2ncia e Juventude de Campina Grande.<\/p>\n","protected":false},"excerpt":{"rendered":"<p>O Conselho Tutelar de Campina Grande registrou uma den\u00fancia de que uma menina de 12 anos de idade sofria abusos sexuais por seu pr\u00f3prio pai&hellip; <\/p>\n","protected":false},"author":1,"featured_media":95843,"comment_status":"closed","ping_status":"closed","sticky":false,"template":"","format":"standard","meta":{"sfsi_plus_gutenberg_text_before_share":"","sfsi_plus_gutenberg_show_text_before_share":"","sfsi_plus_gutenberg_icon_type":"","sfsi_plus_gutenberg_icon_alignemt":"","sfsi_plus_gutenburg_max_per_row":"","footnotes":""},"categories":[50,12],"tags":[],"class_list":["post-98305","post","type-post","status-publish","format-standard","has-post-thumbnail","hentry","category-destaque","category-policia"],"_links":{"self":[{"href":"https:\/\/www.caririemacao.com\/1\/wp-json\/wp\/v2\/posts\/98305","targetHints":{"allow":["GET"]}}],"collection":[{"href":"https:\/\/www.caririemacao.com\/1\/wp-json\/wp\/v2\/posts"}],"about":[{"href":"https:\/\/www.caririemacao.com\/1\/wp-json\/wp\/v2\/types\/post"}],"author":[{"embeddable":true,"href":"https:\/\/www.caririemacao.com\/1\/wp-json\/wp\/v2\/users\/1"}],"replies":[{"embeddable":true,"href":"https:\/\/www.caririemacao.com\/1\/wp-json\/wp\/v2\/comments?post=98305"}],"version-history":[{"count":1,"href":"https:\/\/www.caririemacao.com\/1\/wp-json\/wp\/v2\/posts\/98305\/revisions"}],"predecessor-version":[{"id":98306,"href":"https:\/\/www.caririemacao.com\/1\/wp-json\/wp\/v2\/posts\/98305\/revisions\/98306"}],"wp:featuredmedia":[{"embeddable":true,"href":"https:\/\/www.caririemacao.com\/1\/wp-json\/wp\/v2\/media\/95843"}],"wp:attachment":[{"href":"https:\/\/www.caririemacao.com\/1\/wp-json\/wp\/v2\/media?parent=98305"}],"wp:term":[{"taxonomy":"category","embeddable":true,"href":"https:\/\/www.caririemacao.com\/1\/wp-json\/wp\/v2\/categories?post=98305"},{"taxonomy":"post_tag","embeddable":true,"href":"https:\/\/www.caririemacao.com\/1\/wp-json\/wp\/v2\/tags?post=98305"}],"curies":[{"name":"wp","href":"https:\/\/api.w.org\/{rel}","templated":true}]}}