{"id":98309,"date":"2019-06-05T13:34:12","date_gmt":"2019-06-05T16:34:12","guid":{"rendered":"http:\/\/www.caririemacao.com\/1\/?p=98309"},"modified":"2019-06-05T13:34:12","modified_gmt":"2019-06-05T16:34:12","slug":"anvisa-da-primeiro-passo-para-regular-plantio-de-maconha-no-brasil","status":"publish","type":"post","link":"https:\/\/www.caririemacao.com\/1\/2019\/06\/05\/anvisa-da-primeiro-passo-para-regular-plantio-de-maconha-no-brasil\/","title":{"rendered":"Anvisa d\u00e1 primeiro passo para regular plantio de maconha no Brasil"},"content":{"rendered":"\n<p>A Anvisa convocou a diretoria colegiada para discutir, na pr\u00f3xima ter\u00e7a (11), se abre consulta p\u00fablica para tratar do cultivo de c\u00e2nabis para fins medicinais e cient\u00edficos no Brasil. A consulta deve abordar requisitos t\u00e9cnicos e administrativos para o plantio.<\/p>\n\n\n\n<p>Outra proposta a ser debatida diz respeito a procedimentos para registro e monitoramento de medicamentos \u00e0 base de c\u00e2nabis, seus derivados e an\u00e1logos sint\u00e9ticos.<\/p>\n\n\n\n<p>\u00c9 o primeiro passo rumo \u00e0 regula\u00e7\u00e3o da produ\u00e7\u00e3o da planta no Brasil, uma demanda de empresas da \u00e1rea que represam investimentos \u00e0 espera de normas.<\/p>\n\n\n\n<p>O ex-presidente da Anvisa Jarbas Barbosa havia prometido ao setor uma consulta com proposta sobre o tema, mas terminou seu mandato, em 2018, sem lan\u00e7\u00e1-la.&nbsp;Recentemente, o diretor Renato Porto manifestou interesse na quest\u00e3o.<\/p>\n\n\n\n<p>A a\u00e7\u00e3o demonstra que \u00e9 poss\u00edvel ampliar a legisla\u00e7\u00e3o sobre c\u00e2nabis mesmo no governo de Jair Bolsonaro.<\/p>\n\n\n\n<p>Pacientes brasileiros que precisam de canabidiol, subst\u00e2ncia extra\u00edda da maconha para uso terap\u00eautico, s\u00f3 t\u00eam acesso ao medicamento por meio de importa\u00e7\u00e3o. O processo \u00e9 caro e precisa ser autorizado anualmente pela ag\u00eancia.<\/p>\n\n\n\n<p>Fazendo importa\u00e7\u00e3o, um tratamento para ansiedade pode custar R$ 200 por m\u00eas. Para epilepsia chega a custar R$ 1.500 mensais.<\/p>\n\n\n\n<p>\u00c9 poss\u00edvel adquirir um \u00fanico produto chamado Mevatil, que tem registro aqui.<br>Em 2018, a Anvisa contabilizou 2.371 novos pedidos de licen\u00e7a para importa\u00e7\u00e3o da subst\u00e2ncia e 1.242 revalida\u00e7\u00f5es. J\u00e1 no primeiro trimestre deste ano, a ag\u00eancia permitiu que 885 brasileiros passassem a importar o canabidiol.<\/p>\n","protected":false},"excerpt":{"rendered":"<p>A Anvisa convocou a diretoria colegiada para discutir, na pr\u00f3xima ter\u00e7a (11), se abre consulta p\u00fablica para tratar do cultivo de c\u00e2nabis para fins medicinais&hellip; <\/p>\n","protected":false},"author":1,"featured_media":98310,"comment_status":"closed","ping_status":"closed","sticky":false,"template":"","format":"standard","meta":{"sfsi_plus_gutenberg_text_before_share":"","sfsi_plus_gutenberg_show_text_before_share":"","sfsi_plus_gutenberg_icon_type":"","sfsi_plus_gutenberg_icon_alignemt":"","sfsi_plus_gutenburg_max_per_row":"","footnotes":""},"categories":[16],"tags":[],"class_list":["post-98309","post","type-post","status-publish","format-standard","has-post-thumbnail","hentry","category-saude"],"_links":{"self":[{"href":"https:\/\/www.caririemacao.com\/1\/wp-json\/wp\/v2\/posts\/98309","targetHints":{"allow":["GET"]}}],"collection":[{"href":"https:\/\/www.caririemacao.com\/1\/wp-json\/wp\/v2\/posts"}],"about":[{"href":"https:\/\/www.caririemacao.com\/1\/wp-json\/wp\/v2\/types\/post"}],"author":[{"embeddable":true,"href":"https:\/\/www.caririemacao.com\/1\/wp-json\/wp\/v2\/users\/1"}],"replies":[{"embeddable":true,"href":"https:\/\/www.caririemacao.com\/1\/wp-json\/wp\/v2\/comments?post=98309"}],"version-history":[{"count":1,"href":"https:\/\/www.caririemacao.com\/1\/wp-json\/wp\/v2\/posts\/98309\/revisions"}],"predecessor-version":[{"id":98311,"href":"https:\/\/www.caririemacao.com\/1\/wp-json\/wp\/v2\/posts\/98309\/revisions\/98311"}],"wp:featuredmedia":[{"embeddable":true,"href":"https:\/\/www.caririemacao.com\/1\/wp-json\/wp\/v2\/media\/98310"}],"wp:attachment":[{"href":"https:\/\/www.caririemacao.com\/1\/wp-json\/wp\/v2\/media?parent=98309"}],"wp:term":[{"taxonomy":"category","embeddable":true,"href":"https:\/\/www.caririemacao.com\/1\/wp-json\/wp\/v2\/categories?post=98309"},{"taxonomy":"post_tag","embeddable":true,"href":"https:\/\/www.caririemacao.com\/1\/wp-json\/wp\/v2\/tags?post=98309"}],"curies":[{"name":"wp","href":"https:\/\/api.w.org\/{rel}","templated":true}]}}