{"id":98316,"date":"2019-06-05T13:36:29","date_gmt":"2019-06-05T16:36:29","guid":{"rendered":"http:\/\/www.caririemacao.com\/1\/?p=98316"},"modified":"2019-06-05T13:36:29","modified_gmt":"2019-06-05T16:36:29","slug":"detran-pb-preve-alta-de-mortes-no-transito-com-pl-de-bolsonaro","status":"publish","type":"post","link":"https:\/\/www.caririemacao.com\/1\/2019\/06\/05\/detran-pb-preve-alta-de-mortes-no-transito-com-pl-de-bolsonaro\/","title":{"rendered":"Detran-PB prev\u00ea alta de mortes no tr\u00e2nsito com PL de Bolsonaro"},"content":{"rendered":"\n<p>O superintendente do Departamento Estadual de Tr\u00e2nsito na Para\u00edba (Detran-PB), Agamenon Vieira, criticou, na manh\u00e3 desta quarta-feira (5), o Projeto de Lei (PL) do governo federal que prop\u00f5e mudan\u00e7as no C\u00f3digo de Tr\u00e2nsito Brasileiro (CTB). Para Agamenon, a medida do presidente Jair Bolsonaro tende a aumentar o n\u00famero de acidentes e mortes no tr\u00e2nsito no pa\u00eds.<\/p>\n\n\n\n<p>\u201cTodas as propostas do governo federal v\u00e3o na contram\u00e3o de tudo que tem sido feito para diminui\u00e7\u00e3o de mortes em acidentes de tr\u00e2nsito. Quando voc\u00ea sobe de 20 para 40 pontos (limite m\u00e1ximo que um motorista pode acumular, em at\u00e9 12 meses, sem perder a licen\u00e7a para dirigir) significa dizer que a pessoa pode cometer infra\u00e7\u00f5es porque n\u00e3o ter\u00e1 sua carteira suspensa. Vai na contram\u00e3o de muitos pa\u00edses, inclusive, a exemplo de Dinamarca e Alemanha, que conseguiram reduzir seus n\u00fameros\u201d, avaliou.<\/p>\n\n\n\n<p>Al\u00e9m de aumentar o limite de pontos que dificulta o bloqueio da carteira para motoristas infratores, o texto prop\u00f5e mudan\u00e7as como o fim da exig\u00eancia de exame toxicol\u00f3gico para motoristas profissionais. Tamb\u00e9m retira dos departamentos de Tr\u00e2nsito (Detrans) a exig\u00eancia de credenciar cl\u00ednicas para emitirem o atestado de sa\u00fade para renova\u00e7\u00e3o da Carteira Nacional de Habilita\u00e7\u00e3o (CNH). No caso de motoristas at\u00e9 65 anos, o projeto fala em dobrar a validade da habilita\u00e7\u00e3o dos atuais cinco para 10 anos. A partir dos 66 anos de idade, a validade do documento passa de dois anos e meio para cinco anos. As carteiras emitidas antes da entrada em vigor a Lei ficam automaticamente com prazo de validade prorrogado.<\/p>\n\n\n\n<p>Segundo Agamenon Vieira, a Associa\u00e7\u00e3o Nacional de Detrans deve se posicionar em nota ainda nesta quarta-feira (5), um dia ap\u00f3s o presidente Jair Bolsonaro encaminhar o projeto para o Congresso. \u201cVai ter uma grande discuss\u00e3o no Congresso e dentro da sociedade. Foram 60 mil mortes no Brasil em 2017 em decorr\u00eancias de acidentes de tr\u00e2nsito e essa medida vem para aumentar esse n\u00famero, freando a disposi\u00e7\u00e3o de pessoas de participaram de campanhas para diminui\u00e7\u00e3o de acidentes\u201d.<\/p>\n\n\n\n<p><strong>Albemar Santos \u2013 MaisPB<\/strong><\/p>\n","protected":false},"excerpt":{"rendered":"<p>O superintendente do Departamento Estadual de Tr\u00e2nsito na Para\u00edba (Detran-PB), Agamenon Vieira, criticou, na manh\u00e3 desta quarta-feira (5), o Projeto de Lei (PL) do governo&hellip; <\/p>\n","protected":false},"author":1,"featured_media":98317,"comment_status":"closed","ping_status":"closed","sticky":false,"template":"","format":"standard","meta":{"sfsi_plus_gutenberg_text_before_share":"","sfsi_plus_gutenberg_show_text_before_share":"","sfsi_plus_gutenberg_icon_type":"","sfsi_plus_gutenberg_icon_alignemt":"","sfsi_plus_gutenburg_max_per_row":"","footnotes":""},"categories":[2],"tags":[],"class_list":["post-98316","post","type-post","status-publish","format-standard","has-post-thumbnail","hentry","category-geral"],"_links":{"self":[{"href":"https:\/\/www.caririemacao.com\/1\/wp-json\/wp\/v2\/posts\/98316","targetHints":{"allow":["GET"]}}],"collection":[{"href":"https:\/\/www.caririemacao.com\/1\/wp-json\/wp\/v2\/posts"}],"about":[{"href":"https:\/\/www.caririemacao.com\/1\/wp-json\/wp\/v2\/types\/post"}],"author":[{"embeddable":true,"href":"https:\/\/www.caririemacao.com\/1\/wp-json\/wp\/v2\/users\/1"}],"replies":[{"embeddable":true,"href":"https:\/\/www.caririemacao.com\/1\/wp-json\/wp\/v2\/comments?post=98316"}],"version-history":[{"count":1,"href":"https:\/\/www.caririemacao.com\/1\/wp-json\/wp\/v2\/posts\/98316\/revisions"}],"predecessor-version":[{"id":98318,"href":"https:\/\/www.caririemacao.com\/1\/wp-json\/wp\/v2\/posts\/98316\/revisions\/98318"}],"wp:featuredmedia":[{"embeddable":true,"href":"https:\/\/www.caririemacao.com\/1\/wp-json\/wp\/v2\/media\/98317"}],"wp:attachment":[{"href":"https:\/\/www.caririemacao.com\/1\/wp-json\/wp\/v2\/media?parent=98316"}],"wp:term":[{"taxonomy":"category","embeddable":true,"href":"https:\/\/www.caririemacao.com\/1\/wp-json\/wp\/v2\/categories?post=98316"},{"taxonomy":"post_tag","embeddable":true,"href":"https:\/\/www.caririemacao.com\/1\/wp-json\/wp\/v2\/tags?post=98316"}],"curies":[{"name":"wp","href":"https:\/\/api.w.org\/{rel}","templated":true}]}}