{"id":98321,"date":"2019-06-05T13:40:57","date_gmt":"2019-06-05T16:40:57","guid":{"rendered":"http:\/\/www.caririemacao.com\/1\/?p=98321"},"modified":"2019-06-05T13:40:57","modified_gmt":"2019-06-05T16:40:57","slug":"veja-mudancas-no-codigo-de-transito-brasileiro-propostas-pelo-governo-bolsonaro","status":"publish","type":"post","link":"https:\/\/www.caririemacao.com\/1\/2019\/06\/05\/veja-mudancas-no-codigo-de-transito-brasileiro-propostas-pelo-governo-bolsonaro\/","title":{"rendered":"Veja mudan\u00e7as no C\u00f3digo de Tr\u00e2nsito Brasileiro propostas pelo governo Bolsonaro"},"content":{"rendered":"\n<p>Encaminhado ao Congresso Nacional nesta ter\u00e7a-feira (4), o projeto de lei que dobra o limite de pontua\u00e7\u00e3o e estende a validade da carteira de motorista tamb\u00e9m acaba com a multa para condutores que transportarem crian\u00e7as fora de cadeirinhas de reten\u00e7\u00e3o.<\/p>\n\n\n\n<p>Uma das altera\u00e7\u00f5es propostas no CTB (C\u00f3digo de Tr\u00e2nsito Brasileiro) pelo projeto de lei encaminhado ao Congresso pelo presidente Jair Bolsonaro estabelece que condutores que n\u00e3o utilizarem esse dispositivo de seguran\u00e7a -que, pela proposta, ser\u00e1 obrigat\u00f3rio para crian\u00e7as de at\u00e9 sete anos e meio- receber\u00e1 apenas uma advert\u00eancia escrita, sem qualquer tipo de multa.<\/p>\n\n\n\n<p>Confira, abaixo, outras mudan\u00e7as nas regras de tr\u00e2nsito.<\/p>\n\n\n\n<p><strong>Cadeirinha e crian\u00e7as no banco de tr\u00e1s<\/strong><\/p>\n\n\n\n<p>COMO \u00c9 \u2013 CTB n\u00e3o trata do uso de cadeirinhas para crian\u00e7as, mas estabelece que menores de dez anos devem ser transportados no banco traseiro<\/p>\n\n\n\n<p>INFRA\u00c7\u00c3O \u2013 Grav\u00edssima<\/p>\n\n\n\n<p>PENA \u2013 Multa<\/p>\n\n\n\n<p>MEDIDA \u2013 Reten\u00e7\u00e3o do ve\u00edculo at\u00e9 que a irregularidade seja sanada<\/p>\n\n\n\n<p>COMO FICA \u2013 Texto traz para o CTB regras para o uso das cadeirinhas de crian\u00e7a. Ficam obrigat\u00f3rias para menores de at\u00e9 sete anos e meio; at\u00e9 os dez anos, crian\u00e7as precisam ficar no banco de tr\u00e1s<\/p>\n\n\n\n<p>PENA \u2013 Advert\u00eancia por escrito<\/p>\n\n\n\n<p><strong>PONTUA\u00c7\u00c3O<\/strong><\/p>\n\n\n\n<p>COMO \u00c9 \u2013 Carteira \u00e9 suspensa quando condutor atinge 20 pontos em per\u00edodo de 12 meses<\/p>\n\n\n\n<p>COMO FICA \u2013 Suspens\u00e3o s\u00f3 ocorre com 40 pontos<\/p>\n\n\n\n<p><strong>CAPACETES EM MOTOS<\/strong><\/p>\n\n\n\n<p>COMO \u00c9 \u2013 Dirigir moto sem capacete \u00e9 considerado infra\u00e7\u00e3o grav\u00edssima<\/p>\n\n\n\n<p>COMO FICA \u2013 Texto cria infra\u00e7\u00e3o menor, considerada m\u00e9dia, para quem usa capacete sem viseira<\/p>\n\n\n\n<p><strong>VALIDADE DA CNH<\/strong><\/p>\n\n\n\n<p>COMO \u00c9 \u2013 Habilita\u00e7\u00e3o precisa ser renovada a cada cinco anos. Maiores de 65 anos precisam renovar documento a cada tr\u00eas anos<\/p>\n\n\n\n<p>COMO FICA \u2013 Renova\u00e7\u00e3o passa a ser a cada 10 anos. Validade para idosos tamb\u00e9m aumenta, para cinco anos. As habilita\u00e7\u00f5es expedidas antes da entrada em vigor do projeto ficam automaticamente com o prazo de validade prorrogado<\/p>\n\n\n\n<p><strong>FAR\u00d3IS BAIXOS DE DIA<\/strong><\/p>\n\n\n\n<p>COMO \u00c9 \u2013 Condutores precisam usar farol baixo durante o dia em t\u00faneis com ilumina\u00e7\u00e3o p\u00fablica e rodovias<\/p>\n\n\n\n<p>COMO FICA \u2013 \u00c9 mantida a obrigatoriedade do uso de farol baixo de dia apenas em rodovias de pista simples, ou ainda em t\u00faneis, sob chuva, neblina ou cerra\u00e7\u00e3o. Condutor que n\u00e3o usar luz baixa de dia s\u00f3 ser\u00e1 multado \u201cno caso de o propriet\u00e1rio [do ve\u00edculo] ser pessoa jur\u00eddica e n\u00e3o haver identifica\u00e7\u00e3o do condutor\u201d<\/p>\n\n\n\n<p><strong>LUZ DE RODAGEM DIURNA<\/strong><\/p>\n\n\n\n<p>COMO \u00c9 \u2013 N\u00e3o h\u00e1 previs\u00e3o desse equipamento no CTB<\/p>\n\n\n\n<p>COMO FICA \u2013 Passa a ser obrigat\u00f3ria em novos ve\u00edculos<\/p>\n","protected":false},"excerpt":{"rendered":"<p>Encaminhado ao Congresso Nacional nesta ter\u00e7a-feira (4), o projeto de lei que dobra o limite de pontua\u00e7\u00e3o e estende a validade da carteira de motorista&hellip; <\/p>\n","protected":false},"author":1,"featured_media":98323,"comment_status":"closed","ping_status":"closed","sticky":false,"template":"","format":"standard","meta":{"sfsi_plus_gutenberg_text_before_share":"","sfsi_plus_gutenberg_show_text_before_share":"","sfsi_plus_gutenberg_icon_type":"","sfsi_plus_gutenberg_icon_alignemt":"","sfsi_plus_gutenburg_max_per_row":"","footnotes":""},"categories":[11],"tags":[],"class_list":["post-98321","post","type-post","status-publish","format-standard","has-post-thumbnail","hentry","category-politica"],"_links":{"self":[{"href":"https:\/\/www.caririemacao.com\/1\/wp-json\/wp\/v2\/posts\/98321","targetHints":{"allow":["GET"]}}],"collection":[{"href":"https:\/\/www.caririemacao.com\/1\/wp-json\/wp\/v2\/posts"}],"about":[{"href":"https:\/\/www.caririemacao.com\/1\/wp-json\/wp\/v2\/types\/post"}],"author":[{"embeddable":true,"href":"https:\/\/www.caririemacao.com\/1\/wp-json\/wp\/v2\/users\/1"}],"replies":[{"embeddable":true,"href":"https:\/\/www.caririemacao.com\/1\/wp-json\/wp\/v2\/comments?post=98321"}],"version-history":[{"count":1,"href":"https:\/\/www.caririemacao.com\/1\/wp-json\/wp\/v2\/posts\/98321\/revisions"}],"predecessor-version":[{"id":98324,"href":"https:\/\/www.caririemacao.com\/1\/wp-json\/wp\/v2\/posts\/98321\/revisions\/98324"}],"wp:featuredmedia":[{"embeddable":true,"href":"https:\/\/www.caririemacao.com\/1\/wp-json\/wp\/v2\/media\/98323"}],"wp:attachment":[{"href":"https:\/\/www.caririemacao.com\/1\/wp-json\/wp\/v2\/media?parent=98321"}],"wp:term":[{"taxonomy":"category","embeddable":true,"href":"https:\/\/www.caririemacao.com\/1\/wp-json\/wp\/v2\/categories?post=98321"},{"taxonomy":"post_tag","embeddable":true,"href":"https:\/\/www.caririemacao.com\/1\/wp-json\/wp\/v2\/tags?post=98321"}],"curies":[{"name":"wp","href":"https:\/\/api.w.org\/{rel}","templated":true}]}}